{"id":17028,"date":"2017-10-15T23:56:07","date_gmt":"2017-10-16T04:56:07","guid":{"rendered":"http:\/\/elinformanteperu.com\/?p=17028"},"modified":"2017-10-16T00:37:26","modified_gmt":"2017-10-16T05:37:26","slug":"la-estrella-de-belen-mira-el-primer-trailer-de-pelicula-navidena","status":"publish","type":"post","link":"https:\/\/elinformanteperu.com\/index.php\/2017\/10\/15\/la-estrella-de-belen-mira-el-primer-trailer-de-pelicula-navidena\/","title":{"rendered":"La estrella de Bel\u00e9n: Mira el primer tr\u00e1iler de pel\u00edcula navide\u00f1a"},"content":{"rendered":"<p><span style=\"color: #000000;\"><strong>Se present\u00f3 el primer tr\u00e1iler de su nueva pel\u00edcula para un p\u00fablico infantil, \u201cLa estrella de Bel\u00e9n\u201d. Este primer adelanto invita al p\u00fablico a descubrir la historia de la primera Navidad.<\/strong><\/span><br \/>\n<span style=\"color: #000000;\"> <strong>\u200b<\/strong><\/span><br \/>\n<span style=\"color: #000000;\"> <strong>Lima, 15 Octubre 2017, (El Informante Per\u00fa).-<\/strong> Sony Pictures Animation presenta el primer tr\u00e1iler de su nueva pel\u00edcula para un p\u00fablico infantil, \u201cLa estrella de Bel\u00e9n\u201d. Este primer adelanto invita al p\u00fablico a descubrir la historia de la primera Navidad desde una nueva perspectiva, los ojos de Bo, un burro, y sus amigos.<\/span><\/p>\n<p><span style=\"color: #000000;\">La pel\u00edcula dirigida por Timothy Rickart, ganador de un premio Oscar en 2013 por su cortometraje realizado en stop motion \u201cHead Over Heels\u201d, cuenta con un gran elenco de voces para su versi\u00f3n original como Kelly Clarkson, Aidy Bryant, Keegan-Michael Key, Kristin Chenoweth, Kris Kristofferson, Oprah Winfrey, Tyler Perry, Tracy Morgan, Christopher Plummer y Patricia Heaton.<\/span><\/p>\n<p><span style=\"color: #000000;\"><img fetchpriority=\"high\" decoding=\"async\" class=\"aligncenter size-full wp-image-17030\" src=\"http:\/\/elinformanteperu.com\/wp-content\/uploads\/2017\/10\/la-estrella-de-belen1.jpg\" alt=\"\" width=\"1088\" height=\"612\" srcset=\"https:\/\/elinformanteperu.com\/wp-content\/uploads\/2017\/10\/la-estrella-de-belen1.jpg 1088w, https:\/\/elinformanteperu.com\/wp-content\/uploads\/2017\/10\/la-estrella-de-belen1-300x169.jpg 300w, https:\/\/elinformanteperu.com\/wp-content\/uploads\/2017\/10\/la-estrella-de-belen1-768x432.jpg 768w, https:\/\/elinformanteperu.com\/wp-content\/uploads\/2017\/10\/la-estrella-de-belen1-1024x576.jpg 1024w, https:\/\/elinformanteperu.com\/wp-content\/uploads\/2017\/10\/la-estrella-de-belen1-128x72.jpg 128w, https:\/\/elinformanteperu.com\/wp-content\/uploads\/2017\/10\/la-estrella-de-belen1-32x18.jpg 32w, https:\/\/elinformanteperu.com\/wp-content\/uploads\/2017\/10\/la-estrella-de-belen1-620x350.jpg 620w, https:\/\/elinformanteperu.com\/wp-content\/uploads\/2017\/10\/la-estrella-de-belen1-935x526.jpg 935w\" sizes=\"(max-width: 1088px) 100vw, 1088px\" \/>Un peque\u00f1o pero valiente burro, llamado Bo, busca una vida mejor. Un d\u00eda encuentra el coraje para liberarse, y con sus nuevos amigos comienza un viaje. Ahora siguen una estrella y terminan convirti\u00e9ndose en h\u00e9roes accidentales en la historia m\u00e1s grande jam\u00e1s contada, la primera Navidad.<\/span><\/p>\n<p><span style=\"color: #000000;\">\u201cLa estrella de Bel\u00e9n\u201d llegar\u00e1 a nuestros cines el 7 de diciembre.<\/span><\/p>\n<p><iframe src=\"https:\/\/www.youtube-nocookie.com\/embed\/G6Z2s27IMTk?rel=0&amp;controls=0&amp;showinfo=0\" width=\"560\" height=\"315\" frameborder=\"0\" allowfullscreen=\"allowfullscreen\"><\/iframe><\/p>\n","protected":false},"excerpt":{"rendered":"<p>Se present\u00f3 el primer tr\u00e1iler de su nueva pel\u00edcula para un p\u00fablico infantil, \u201cLa estrella de Bel\u00e9n\u201d. Este primer adelanto invita al p\u00fablico a descubrir la historia de la primera Navidad. \u200b Lima, 15 Octubre 2017, (El Informante Per\u00fa).- Sony Pictures Animation presenta el primer tr\u00e1iler de su nueva pel\u00edcula para un p\u00fablico infantil, \u201cLa [&hellip;]<\/p>\n","protected":false},"author":1,"featured_media":17029,"comment_status":"open","ping_status":"open","sticky":false,"template":"","format":"standard","meta":{"rop_custom_images_group":[],"rop_custom_messages_group":[],"rop_publish_now":"initial","rop_publish_now_accounts":[],"rop_publish_now_history":[],"rop_publish_now_status":"pending","footnotes":""},"categories":[7],"tags":[488,2263,1732],"class_list":["post-17028","post","type-post","status-publish","format-standard","has-post-thumbnail","hentry","category-butaca","tag-cine","tag-la-estrella-de-belen","tag-sony-pictures"],"_links":{"self":[{"href":"https:\/\/elinformanteperu.com\/index.php\/wp-json\/wp\/v2\/posts\/17028","targetHints":{"allow":["GET"]}}],"collection":[{"href":"https:\/\/elinformanteperu.com\/index.php\/wp-json\/wp\/v2\/posts"}],"about":[{"href":"https:\/\/elinformanteperu.com\/index.php\/wp-json\/wp\/v2\/types\/post"}],"author":[{"embeddable":true,"href":"https:\/\/elinformanteperu.com\/index.php\/wp-json\/wp\/v2\/users\/1"}],"replies":[{"embeddable":true,"href":"https:\/\/elinformanteperu.com\/index.php\/wp-json\/wp\/v2\/comments?post=17028"}],"version-history":[{"count":2,"href":"https:\/\/elinformanteperu.com\/index.php\/wp-json\/wp\/v2\/posts\/17028\/revisions"}],"predecessor-version":[{"id":17051,"href":"https:\/\/elinformanteperu.com\/index.php\/wp-json\/wp\/v2\/posts\/17028\/revisions\/17051"}],"wp:featuredmedia":[{"embeddable":true,"href":"https:\/\/elinformanteperu.com\/index.php\/wp-json\/wp\/v2\/media\/17029"}],"wp:attachment":[{"href":"https:\/\/elinformanteperu.com\/index.php\/wp-json\/wp\/v2\/media?parent=17028"}],"wp:term":[{"taxonomy":"category","embeddable":true,"href":"https:\/\/elinformanteperu.com\/index.php\/wp-json\/wp\/v2\/categories?post=17028"},{"taxonomy":"post_tag","embeddable":true,"href":"https:\/\/elinformanteperu.com\/index.php\/wp-json\/wp\/v2\/tags?post=17028"}],"curies":[{"name":"wp","href":"https:\/\/api.w.org\/{rel}","templated":true}]}}