{"id":1697,"date":"2016-11-24T22:17:54","date_gmt":"2016-11-25T03:17:54","guid":{"rendered":"http:\/\/elinformanteperu.com\/?p=1697"},"modified":"2016-11-24T22:31:32","modified_gmt":"2016-11-25T03:31:32","slug":"censo-de-poblacion-y-vivienda-2017-incluira-por-primera-vez-una-pregunta-de-autoidentificacion-etnica","status":"publish","type":"post","link":"https:\/\/elinformanteperu.com\/index.php\/2016\/11\/24\/censo-de-poblacion-y-vivienda-2017-incluira-por-primera-vez-una-pregunta-de-autoidentificacion-etnica\/","title":{"rendered":"Censo de Poblaci\u00f3n y Vivienda 2017 incluir\u00e1 por primera vez una pregunta de autoidentificaci\u00f3n \u00e9tnica"},"content":{"rendered":"<p style=\"text-align: justify;\"><strong>En una reuni\u00f3n informativa, representantes del Ministerio de Cultura afirmaron que la inclusi\u00f3n de la pregunta permitir\u00e1 que el Estado pueda brindar servicios p\u00fablicos adecuados para la poblaci\u00f3n ind\u00edgena.<\/strong><\/p>\n<p style=\"text-align: justify;\"><strong>Lima, 24 Noviembre 2016, (El Informante Per\u00fa).-<\/strong> Representantes del Ministerio de Cultura informaron que el Censo de Poblaci\u00f3n y Vivienda 2017 incluir\u00e1, por primera vez, una pregunta de autoidentificaci\u00f3n \u00e9tnica y su importancia, con la cual se consultar\u00e1 a las ciudadanas y ciudadanos de todo el pa\u00eds si se identifican o pertenecen a un grupo ind\u00edgena o si se consideran afroperuanos.<\/p>\n<p style=\"text-align: justify;\">En el marco de una reuni\u00f3n informativa con medios de comunicaci\u00f3n, el viceministro de Interculturalidad, Alfredo Luna se\u00f1al\u00f3 que al contar con esta pregunta, el Censo 2017 ser\u00e1 una herramienta para implementar pol\u00edticas de gesti\u00f3n p\u00fablica desde el enfoque intercultural, tomando en cuenta la situaci\u00f3n espec\u00edfica de los ciudadanos ind\u00edgenas y afroperuanos.<\/p>\n<p style=\"text-align: justify;\">Por ejemplo, indic\u00f3 que al contar con informaci\u00f3n desagregada por \u00e9tnica el Estado podr\u00e1, brindar servicios p\u00fablicos de salud adecuados para la poblaci\u00f3n ind\u00edgena de cada zona, empleando sus lenguas originarias y tomando en cuenta sus costumbres o desarrollar programas sociales que sean adaptados a las pr\u00e1cticas de cada pueblo como programas alimenticios que tomen en cuenta los productos que consumen o las condiciones de vida de la poblaci\u00f3n.<\/p>\n<p style=\"text-align: justify;\">Por su parte, An\u00edbal S\u00e1nchez, Jefe del Instituto Nacional de Estad\u00edstica e Inform\u00e1tica (INEI) dio cuenta de los avances en el desarrollo del pr\u00f3ximo Censo de Poblaci\u00f3n y Vivienda y los retos que la inclusi\u00f3n de la pregunta de autoidentificaci\u00f3n implica para el Estado.<\/p>\n<p style=\"text-align: justify;\">\u201cLos Censos Nacionales constituyen una importante investigaci\u00f3n estad\u00edstica, que tienen por finalidad obtener informaci\u00f3n actualizada de poblaci\u00f3n y vivienda a nivel de todos los \u00e1mbitos geogr\u00e1ficos del pa\u00eds; siendo su objetivo principal brindar a los usuarios y p\u00fablico en general informaci\u00f3n que permita proyectar los planes y programas para el desarrollo econ\u00f3mico y social del pa\u00eds\u201d, precis\u00f3.<\/p>\n<p style=\"text-align: justify;\">Finalmente, Gladis Vila de la Organizaci\u00f3n Nacional de Mujeres Ind\u00edgenas Andinas y Amaz\u00f3nicas del Per\u00fa (ONAMIAP) y Oswaldo Bilbao del Centro de Desarrollo \u00c9tnico (CEDET) hablaron sobre la importancia de que el Estado conozca la situaci\u00f3n espec\u00edfica de la poblaci\u00f3n ind\u00edgena y afroperuana.<\/p>\n<p style=\"text-align: justify;\">Cabe se\u00f1alar que la visibilidad estad\u00edstica es una demanda sistem\u00e1tica e hist\u00f3rica de los pueblos ind\u00edgenas u originarios as\u00ed como de la poblaci\u00f3n afroperuana que parte de una necesidad de promoci\u00f3n y reconocimiento de estos grupos poblacionales. \u00c9sta busca que el Estado pueda contar con informaci\u00f3n desagregada para la formulaci\u00f3n de pol\u00edticas p\u00fablicas diferenciadas dirigidas a ellos.<\/p>\n<p style=\"text-align: justify;\">El Ministerio de Cultura es la entidad responsable de promover la interculturalidad, como principio rector, para fomentar y garantizar los derechos y el desarrollo integral de los grupos culturalmente diversos del pa\u00eds. En este sentido, es responsabilidad del Ministerio de Cultura trabajar en coordinaci\u00f3n con el INEI y las organizaciones ind\u00edgenas y afroperuanas en la formulaci\u00f3n de la pregunta de autoidentificaci\u00f3n \u00e9tnica as\u00ed como de informar a la poblaci\u00f3n sobre la importancia de la pregunta de autoidentificaci\u00f3n \u00e9tnica en el pr\u00f3ximo censo.<\/p>\n<p style=\"text-align: justify;\"><img fetchpriority=\"high\" decoding=\"async\" class=\"alignnone size-full wp-image-1699\" src=\"http:\/\/elinformanteperu.com\/wp-content\/uploads\/2016\/11\/cultura-censo1.jpg\" alt=\"cultura-censo1\" width=\"957\" height=\"638\" srcset=\"https:\/\/elinformanteperu.com\/wp-content\/uploads\/2016\/11\/cultura-censo1.jpg 957w, https:\/\/elinformanteperu.com\/wp-content\/uploads\/2016\/11\/cultura-censo1-300x200.jpg 300w, https:\/\/elinformanteperu.com\/wp-content\/uploads\/2016\/11\/cultura-censo1-768x512.jpg 768w, https:\/\/elinformanteperu.com\/wp-content\/uploads\/2016\/11\/cultura-censo1-128x85.jpg 128w, https:\/\/elinformanteperu.com\/wp-content\/uploads\/2016\/11\/cultura-censo1-32x21.jpg 32w\" sizes=\"(max-width: 957px) 100vw, 957px\" \/><\/p>\n<p style=\"text-align: justify;\">\n","protected":false},"excerpt":{"rendered":"<p>En una reuni\u00f3n informativa, representantes del Ministerio de Cultura afirmaron que la inclusi\u00f3n de la pregunta permitir\u00e1 que el Estado pueda brindar servicios p\u00fablicos adecuados para la poblaci\u00f3n ind\u00edgena. Lima, 24 Noviembre 2016, (El Informante Per\u00fa).- Representantes del Ministerio de Cultura informaron que el Censo de Poblaci\u00f3n y Vivienda 2017 incluir\u00e1, por primera vez, una [&hellip;]<\/p>\n","protected":false},"author":1,"featured_media":1698,"comment_status":"open","ping_status":"open","sticky":false,"template":"","format":"standard","meta":{"rop_custom_images_group":[],"rop_custom_messages_group":[],"rop_publish_now":"initial","rop_publish_now_accounts":[],"rop_publish_now_history":[],"rop_publish_now_status":"pending","footnotes":""},"categories":[10],"tags":[105],"class_list":["post-1697","post","type-post","status-publish","format-standard","has-post-thumbnail","hentry","category-actualidad-municipal","tag-ministerio-de-cultura"],"_links":{"self":[{"href":"https:\/\/elinformanteperu.com\/index.php\/wp-json\/wp\/v2\/posts\/1697","targetHints":{"allow":["GET"]}}],"collection":[{"href":"https:\/\/elinformanteperu.com\/index.php\/wp-json\/wp\/v2\/posts"}],"about":[{"href":"https:\/\/elinformanteperu.com\/index.php\/wp-json\/wp\/v2\/types\/post"}],"author":[{"embeddable":true,"href":"https:\/\/elinformanteperu.com\/index.php\/wp-json\/wp\/v2\/users\/1"}],"replies":[{"embeddable":true,"href":"https:\/\/elinformanteperu.com\/index.php\/wp-json\/wp\/v2\/comments?post=1697"}],"version-history":[{"count":1,"href":"https:\/\/elinformanteperu.com\/index.php\/wp-json\/wp\/v2\/posts\/1697\/revisions"}],"predecessor-version":[{"id":1700,"href":"https:\/\/elinformanteperu.com\/index.php\/wp-json\/wp\/v2\/posts\/1697\/revisions\/1700"}],"wp:featuredmedia":[{"embeddable":true,"href":"https:\/\/elinformanteperu.com\/index.php\/wp-json\/wp\/v2\/media\/1698"}],"wp:attachment":[{"href":"https:\/\/elinformanteperu.com\/index.php\/wp-json\/wp\/v2\/media?parent=1697"}],"wp:term":[{"taxonomy":"category","embeddable":true,"href":"https:\/\/elinformanteperu.com\/index.php\/wp-json\/wp\/v2\/categories?post=1697"},{"taxonomy":"post_tag","embeddable":true,"href":"https:\/\/elinformanteperu.com\/index.php\/wp-json\/wp\/v2\/tags?post=1697"}],"curies":[{"name":"wp","href":"https:\/\/api.w.org\/{rel}","templated":true}]}}