{"id":16957,"date":"2017-10-15T12:19:55","date_gmt":"2017-10-15T17:19:55","guid":{"rendered":"http:\/\/elinformanteperu.com\/?p=16957"},"modified":"2017-10-15T12:19:55","modified_gmt":"2017-10-15T17:19:55","slug":"aprobacion-de-kuczynski-sube-ocho-puntos-segun-encuesta-nacional","status":"publish","type":"post","link":"https:\/\/elinformanteperu.com\/index.php\/2017\/10\/15\/aprobacion-de-kuczynski-sube-ocho-puntos-segun-encuesta-nacional\/","title":{"rendered":"Aprobaci\u00f3n de Kuczynski sube ocho puntos, seg\u00fan encuesta nacional"},"content":{"rendered":"<p><strong><span style=\"color: #000000;\">El nivel de aprobaci\u00f3n del presidente Pedro Pablo Kuczynski subi\u00f3 ocho puntos y se situ\u00f3 en un 30%, seg\u00fan revel\u00f3 la encuesta nacional urbano-rural de Ipsos Per\u00fa.<\/span><\/strong><\/p>\n<p><span style=\"color: #000000;\"><strong>Lima, 15 Octubre 2017, (ANDINA).-<\/strong> El nivel de aprobaci\u00f3n del presidente Pedro Pablo Kuczynski subi\u00f3 ocho puntos y se situ\u00f3 en un 30%, seg\u00fan revel\u00f3 la encuesta nacional urbano-rural de Ipsos Per\u00fa, difundida hoy.<\/span><\/p>\n<p><span style=\"color: #000000;\">El sondeo de opini\u00f3n p\u00fablica, publicado en el diario El Comercio, se\u00f1al\u00f3 que la popularidad del jefe del Estado subi\u00f3 de 22 al 30%, tras la renovaci\u00f3n del Gabinete Ministerial presidido por Mercedes Ar\u00e1oz, que recibi\u00f3 el voto de confianza del parlamento.<\/span><\/p>\n<p><span style=\"color: #000000;\">En la zona urbana, el respaldo del presidente lleg\u00f3 al 25% y en la zona rural al 33%, refiere la encuesta.<\/span><\/p>\n<p><span style=\"color: #000000;\">La muestra, efectuada del 11 al 13 de octubre en el pa\u00eds, tambi\u00e9n revel\u00f3 que Mercedes Ar\u00e1oz, obtuvo el 31% del respaldo, tras su designaci\u00f3n como titular del Consejo de Ministros.<\/span><\/p>\n<p><span style=\"color: #000000;\">Asimismo, el 55% de los encuestados respald\u00f3 el voto de confianza del parlamento al nuevo gabinete.<\/span><\/p>\n<p><span style=\"color: #000000;\">La muestra hizo referencia al nivel de aprobaci\u00f3n de algunos ministros de Estado como de Vivienda, Carlos Bruce, con un 38% de respaldo, del Interior, Carlos Basombr\u00edo, con un 31%, de Educaci\u00f3n, Idel Vexler, un 31% y de Salud Fernando D`Alessio un 28%.<\/span><\/p>\n<p><span style=\"color: #000000;\">La encuesta revel\u00f3 que la gesti\u00f3n del Gobierno tambi\u00e9n subi\u00f3 ocho puntos respecto al mes anterior, del 24 al 32%. El Poder Judicial obtuvo el 28% de respaldo, (subi\u00f3 4 puntos) y el Congreso 26% (subi\u00f3 un punto).<\/span><\/p>\n<p><span style=\"color: #000000;\">Igualmente, refiere que el 32% aprueba la gesti\u00f3n del presidente del Congreso, Luis Galarreta.<\/span><\/p>\n<p><strong><span style=\"color: #000000;\">Keiko Fujimori y Alan Garc\u00eda<\/span><\/strong><\/p>\n<p><span style=\"color: #000000;\">En otro \u00e1mbito, el sondeo revela, adem\u00e1s, que el 46% de encuestados cree que Keiko Fujimori es culpable de participar en una organizaci\u00f3n criminal, otro 41% cree en su inocencia y el 46% considera que la investigaci\u00f3n en su contra es fundamental.<\/span><\/p>\n<p><span style=\"color: #000000;\">Un 69% afirma lo mismo sobre Alan Garc\u00eda, que es responsable de participar de una organizaci\u00f3n criminal y un 61% respalda la investigaci\u00f3n en su contra para esclarecer los hechos.<\/span><\/p>\n<p><span style=\"color: #000000;\">Tambi\u00e9n un 40% dijo creer que el archivamiento de la investigaci\u00f3n por presunto lavado de activos contra Joaqu\u00edn Ram\u00edrez fue por presi\u00f3n pol\u00edtica de Fuerza Popular.<\/span><\/p>\n<p><span style=\"color: #000000;\"><strong>Ficha t\u00e9cnica:<\/strong> Encuesta Nacional Urbano-Rural realizada por Ipsos Per\u00fa. <strong>N\u00famero de registro:<\/strong> 0001-REE\/JNE. <strong>Sistema de muestreo:<\/strong> Probabil\u00edstico poliet\u00e1pico. <strong>Muestra:<\/strong> 1,288 entrevistados. <strong>Fecha de aplicaci\u00f3n:<\/strong> del 11 al 13 de octubre del 2017. <strong>Margen de Error:<\/strong> +_ 2,7%. <strong>Nivel de confianza:<\/strong> 95%. <strong>Universo:<\/strong> hombres y mujeres de 18 a\u00f1os a m\u00e1s.<\/span><\/p>\n","protected":false},"excerpt":{"rendered":"<p>El nivel de aprobaci\u00f3n del presidente Pedro Pablo Kuczynski subi\u00f3 ocho puntos y se situ\u00f3 en un 30%, seg\u00fan revel\u00f3 la encuesta nacional urbano-rural de Ipsos Per\u00fa. Lima, 15 Octubre 2017, (ANDINA).- El nivel de aprobaci\u00f3n del presidente Pedro Pablo Kuczynski subi\u00f3 ocho puntos y se situ\u00f3 en un 30%, seg\u00fan revel\u00f3 la encuesta nacional [&hellip;]<\/p>\n","protected":false},"author":1,"featured_media":1229,"comment_status":"open","ping_status":"open","sticky":false,"template":"","format":"standard","meta":{"rop_custom_images_group":[],"rop_custom_messages_group":[],"rop_publish_now":"initial","rop_publish_now_accounts":[],"rop_publish_now_history":[],"rop_publish_now_status":"pending","footnotes":""},"categories":[5],"tags":[74,1421,73],"class_list":["post-16957","post","type-post","status-publish","format-standard","has-post-thumbnail","hentry","category-actualidad-informativa","tag-pedro-pablo-kuczynski","tag-poder-ejecutivo","tag-ppk"],"_links":{"self":[{"href":"https:\/\/elinformanteperu.com\/index.php\/wp-json\/wp\/v2\/posts\/16957","targetHints":{"allow":["GET"]}}],"collection":[{"href":"https:\/\/elinformanteperu.com\/index.php\/wp-json\/wp\/v2\/posts"}],"about":[{"href":"https:\/\/elinformanteperu.com\/index.php\/wp-json\/wp\/v2\/types\/post"}],"author":[{"embeddable":true,"href":"https:\/\/elinformanteperu.com\/index.php\/wp-json\/wp\/v2\/users\/1"}],"replies":[{"embeddable":true,"href":"https:\/\/elinformanteperu.com\/index.php\/wp-json\/wp\/v2\/comments?post=16957"}],"version-history":[{"count":1,"href":"https:\/\/elinformanteperu.com\/index.php\/wp-json\/wp\/v2\/posts\/16957\/revisions"}],"predecessor-version":[{"id":16958,"href":"https:\/\/elinformanteperu.com\/index.php\/wp-json\/wp\/v2\/posts\/16957\/revisions\/16958"}],"wp:featuredmedia":[{"embeddable":true,"href":"https:\/\/elinformanteperu.com\/index.php\/wp-json\/wp\/v2\/media\/1229"}],"wp:attachment":[{"href":"https:\/\/elinformanteperu.com\/index.php\/wp-json\/wp\/v2\/media?parent=16957"}],"wp:term":[{"taxonomy":"category","embeddable":true,"href":"https:\/\/elinformanteperu.com\/index.php\/wp-json\/wp\/v2\/categories?post=16957"},{"taxonomy":"post_tag","embeddable":true,"href":"https:\/\/elinformanteperu.com\/index.php\/wp-json\/wp\/v2\/tags?post=16957"}],"curies":[{"name":"wp","href":"https:\/\/api.w.org\/{rel}","templated":true}]}}