{"id":16953,"date":"2017-10-15T12:14:28","date_gmt":"2017-10-15T17:14:28","guid":{"rendered":"http:\/\/elinformanteperu.com\/?p=16953"},"modified":"2017-10-15T12:14:40","modified_gmt":"2017-10-15T17:14:40","slug":"mercedes-araoz-participara-en-foro-sobre-economia-en-chile","status":"publish","type":"post","link":"https:\/\/elinformanteperu.com\/index.php\/2017\/10\/15\/mercedes-araoz-participara-en-foro-sobre-economia-en-chile\/","title":{"rendered":"Mercedes Ar\u00e1oz participar\u00e1 en foro sobre econom\u00eda en Chile"},"content":{"rendered":"<p><strong><span style=\"color: #000000;\">La presidenta del Consejo de Ministros, Mercedes Ar\u00e1oz, participar\u00e1 en el 39 Encuentro Nacional de la Empresa (Enade 2017), que se realizar\u00e1 en la ciudad de Santiago (Chile).<\/span><\/strong><\/p>\n<p><span style=\"color: #000000;\"><strong>Lima, 15 Octubre 2017, (ANDINA).-<\/strong> La presidenta del Consejo de Ministros, Mercedes Ar\u00e1oz, participar\u00e1 en el 39 Encuentro Nacional de la Empresa (Enade 2017), que se realizar\u00e1 en la ciudad de Santiago (Chile) el 19 de octubre, con el fin de analizar temas econ\u00f3micos y sociales.<\/span><\/p>\n<p><span style=\"color: #000000;\">A trav\u00e9s de una resoluci\u00f3n suprema publicada en el Diario Oficial El Peruano, se se\u00f1ala que la participaci\u00f3n de la participaci\u00f3n de la jefa del Gabinete Ministerial en ese foro es de inter\u00e9s nacional.<\/span><\/p>\n<p><span style=\"color: #000000;\">Se refiere que el presidente del Directorio del Instituto Chileno de Administraci\u00f3n Racional de Empresas (ICARE), invit\u00f3 a Ar\u00e1oz Fern\u00e1ndez, a dictar una conferencia en el acto inaugural del 39 Enade 2017, acto en el cual tambi\u00e9n participar\u00e1 la presidenta de Chile, Michelle Bachelet.<\/span><\/p>\n<p><span style=\"color: #000000;\">Durante su viaje, la presidenta del Consejo de Ministros tambi\u00e9n sostendr\u00e1 reuniones con el Ministro de Hacienda de Chile, as\u00ed como con empresarios del cap\u00edtulo chileno del Consejo Empresarial Chileno Peruano.<\/span><\/p>\n<p><span style=\"color: #000000;\">Los Encuentros Nacionales de la Empresa (Enade) constituyen un espacio que re\u00fane a empresarios, l\u00edderes de opini\u00f3n y altos personeros del Gobierno Chileno y autoridades de otros pa\u00edses de la regi\u00f3n.<\/span><\/p>\n<p><span style=\"color: #000000;\">El Poder Ejecutivo precisa que en tanto dure la ausencia de la titular de la Presidencia del Consejo de Ministros, ese despacho estar\u00e1 a cargo del ministro de Transportes y Comunicaciones, Bruno Giuffra.<\/span><\/p>\n","protected":false},"excerpt":{"rendered":"<p>La presidenta del Consejo de Ministros, Mercedes Ar\u00e1oz, participar\u00e1 en el 39 Encuentro Nacional de la Empresa (Enade 2017), que se realizar\u00e1 en la ciudad de Santiago (Chile). Lima, 15 Octubre 2017, (ANDINA).- La presidenta del Consejo de Ministros, Mercedes Ar\u00e1oz, participar\u00e1 en el 39 Encuentro Nacional de la Empresa (Enade 2017), que se realizar\u00e1 [&hellip;]<\/p>\n","protected":false},"author":1,"featured_media":16954,"comment_status":"open","ping_status":"open","sticky":false,"template":"","format":"standard","meta":{"rop_custom_images_group":[],"rop_custom_messages_group":[],"rop_publish_now":"initial","rop_publish_now_accounts":[],"rop_publish_now_history":[],"rop_publish_now_status":"pending","footnotes":""},"categories":[5],"tags":[79,189,1421],"class_list":["post-16953","post","type-post","status-publish","format-standard","has-post-thumbnail","hentry","category-actualidad-informativa","tag-mercedes-araoz","tag-pcm","tag-poder-ejecutivo"],"_links":{"self":[{"href":"https:\/\/elinformanteperu.com\/index.php\/wp-json\/wp\/v2\/posts\/16953","targetHints":{"allow":["GET"]}}],"collection":[{"href":"https:\/\/elinformanteperu.com\/index.php\/wp-json\/wp\/v2\/posts"}],"about":[{"href":"https:\/\/elinformanteperu.com\/index.php\/wp-json\/wp\/v2\/types\/post"}],"author":[{"embeddable":true,"href":"https:\/\/elinformanteperu.com\/index.php\/wp-json\/wp\/v2\/users\/1"}],"replies":[{"embeddable":true,"href":"https:\/\/elinformanteperu.com\/index.php\/wp-json\/wp\/v2\/comments?post=16953"}],"version-history":[{"count":2,"href":"https:\/\/elinformanteperu.com\/index.php\/wp-json\/wp\/v2\/posts\/16953\/revisions"}],"predecessor-version":[{"id":16956,"href":"https:\/\/elinformanteperu.com\/index.php\/wp-json\/wp\/v2\/posts\/16953\/revisions\/16956"}],"wp:featuredmedia":[{"embeddable":true,"href":"https:\/\/elinformanteperu.com\/index.php\/wp-json\/wp\/v2\/media\/16954"}],"wp:attachment":[{"href":"https:\/\/elinformanteperu.com\/index.php\/wp-json\/wp\/v2\/media?parent=16953"}],"wp:term":[{"taxonomy":"category","embeddable":true,"href":"https:\/\/elinformanteperu.com\/index.php\/wp-json\/wp\/v2\/categories?post=16953"},{"taxonomy":"post_tag","embeddable":true,"href":"https:\/\/elinformanteperu.com\/index.php\/wp-json\/wp\/v2\/tags?post=16953"}],"curies":[{"name":"wp","href":"https:\/\/api.w.org\/{rel}","templated":true}]}}