{"id":16950,"date":"2017-10-15T12:07:54","date_gmt":"2017-10-15T17:07:54","guid":{"rendered":"http:\/\/elinformanteperu.com\/?p=16950"},"modified":"2017-10-15T12:07:54","modified_gmt":"2017-10-15T17:07:54","slug":"comunidad-andina-evaluo-en-lima-avances-y-retos-sobre-sistema-de-justicia","status":"publish","type":"post","link":"https:\/\/elinformanteperu.com\/index.php\/2017\/10\/15\/comunidad-andina-evaluo-en-lima-avances-y-retos-sobre-sistema-de-justicia\/","title":{"rendered":"Comunidad Andina evalu\u00f3 en Lima avances y retos sobre sistema de justicia"},"content":{"rendered":"<p><strong><span style=\"color: #000000;\">Autoridades de los pa\u00edses de la Comunidad Andina de Naciones (CAN) analizaron en Lima los avances y retos en la tarea de tener sistema de justicia accesible y transparente.<\/span><\/strong><\/p>\n<p><span style=\"color: #000000;\"><strong>Lima, 14 Octubre 2017, (ANDINA).-<\/strong> Autoridades de los ministerios de Justicia y del Poder Judicial de los pa\u00edses de la Comunidad Andina de Naciones (CAN) analizaron en Lima los avances y retos en la tarea de tener sistema de justicia accesible y transparente.<\/span><\/p>\n<p><span style=\"color: #000000;\">Ello durante el Seminario Internacional \u00abJusticia y Transparencia. Legislaci\u00f3n y Pr\u00e1cticas\u00bb, realizado en la sede de la Secretar\u00eda General de la CAN en Lima.<\/span><\/p>\n<p><span style=\"color: #000000;\">El evento cont\u00f3 con la presencia del ministro de Justicia del Estado Plurinacional de Bolivia, H\u00e9ctor Arce; del presidente del Poder Judicial del Per\u00fa, Duberl\u00ed Rodr\u00edguez; del viceministro de Justicia del Per\u00fa, Juan Falcon\u00ed; de la directora de Justicia Transicional del Ministerio de Justicia de Colombia, Isabel Dur\u00e1n y del embajador del Ecuador en el Per\u00fa, Jos\u00e9 Sandoval.<\/span><\/p>\n<p><span style=\"color: #000000;\">Asimismo, estuvo presente el secretario general de la Comunidad Andina, Walker San Miguel; el director de la Academia Diplom\u00e1tica del Per\u00fa, Allan Wagner; el rector de la Universidad Andina Sim\u00f3n Bol\u00edvar, Jos\u00e9 Luis Guti\u00e9rrez; el parlamentario andino, Alan Fairlie; el decano del Colegio de Abogados de Lima, Pedro Angulo, entre otras personalidades.<\/span><\/p>\n<p><span style=\"color: #000000;\">Entre los temas que se abordaron en el Seminario destacan los avances en la Administraci\u00f3n de Justicia en Bolivia, las Pol\u00edticas de Transparencia y Rendici\u00f3n de Cuentas en el Ecuador; el Proceso de Paz y la Justicia Restaurativa en el post conflicto en Colombia y el rol del Poder Judicial en la construcci\u00f3n de un Estado de Derecho en el Per\u00fa.<\/span><\/p>\n<p><span style=\"color: #000000;\">En el evento, al que asistieron embajadores, jefes de misi\u00f3n, representantes del cuerpo diplom\u00e1tico, organismos internacionales acreditados en el Per\u00fa miembros de los \u00f3rganos del Sistema Andino de integraci\u00f3n, y profesionales del Derecho se realizaron los paneles \u201cTransparencia en la regi\u00f3n\u201d y \u201cAcceso a la justicia en la regi\u00f3n andina\u201d.<\/span><\/p>\n<p><span style=\"color: #000000;\">Las autoridades presentes coincidieron en la necesidad de contar con una administraci\u00f3n de justica accesible y transparente, que genere bienestar a los ciudadanos andinos.<\/span><\/p>\n<p><span style=\"color: #000000;\">Asimismo, ratificaron su firme compromiso contra la corrupci\u00f3n, destacando las medidas normativas y pol\u00edticas que vienen implementando los pa\u00edses andinos al respecto.<\/span><\/p>\n","protected":false},"excerpt":{"rendered":"<p>Autoridades de los pa\u00edses de la Comunidad Andina de Naciones (CAN) analizaron en Lima los avances y retos en la tarea de tener sistema de justicia accesible y transparente. Lima, 14 Octubre 2017, (ANDINA).- Autoridades de los ministerios de Justicia y del Poder Judicial de los pa\u00edses de la Comunidad Andina de Naciones (CAN) analizaron [&hellip;]<\/p>\n","protected":false},"author":1,"featured_media":16951,"comment_status":"open","ping_status":"open","sticky":false,"template":"","format":"standard","meta":{"rop_custom_images_group":[],"rop_custom_messages_group":[],"rop_publish_now":"initial","rop_publish_now_accounts":[],"rop_publish_now_history":[],"rop_publish_now_status":"pending","footnotes":""},"categories":[5],"tags":[2255,163],"class_list":["post-16950","post","type-post","status-publish","format-standard","has-post-thumbnail","hentry","category-actualidad-informativa","tag-comunidad-andina-de-naciones","tag-poder-judicial"],"_links":{"self":[{"href":"https:\/\/elinformanteperu.com\/index.php\/wp-json\/wp\/v2\/posts\/16950","targetHints":{"allow":["GET"]}}],"collection":[{"href":"https:\/\/elinformanteperu.com\/index.php\/wp-json\/wp\/v2\/posts"}],"about":[{"href":"https:\/\/elinformanteperu.com\/index.php\/wp-json\/wp\/v2\/types\/post"}],"author":[{"embeddable":true,"href":"https:\/\/elinformanteperu.com\/index.php\/wp-json\/wp\/v2\/users\/1"}],"replies":[{"embeddable":true,"href":"https:\/\/elinformanteperu.com\/index.php\/wp-json\/wp\/v2\/comments?post=16950"}],"version-history":[{"count":1,"href":"https:\/\/elinformanteperu.com\/index.php\/wp-json\/wp\/v2\/posts\/16950\/revisions"}],"predecessor-version":[{"id":16952,"href":"https:\/\/elinformanteperu.com\/index.php\/wp-json\/wp\/v2\/posts\/16950\/revisions\/16952"}],"wp:featuredmedia":[{"embeddable":true,"href":"https:\/\/elinformanteperu.com\/index.php\/wp-json\/wp\/v2\/media\/16951"}],"wp:attachment":[{"href":"https:\/\/elinformanteperu.com\/index.php\/wp-json\/wp\/v2\/media?parent=16950"}],"wp:term":[{"taxonomy":"category","embeddable":true,"href":"https:\/\/elinformanteperu.com\/index.php\/wp-json\/wp\/v2\/categories?post=16950"},{"taxonomy":"post_tag","embeddable":true,"href":"https:\/\/elinformanteperu.com\/index.php\/wp-json\/wp\/v2\/tags?post=16950"}],"curies":[{"name":"wp","href":"https:\/\/api.w.org\/{rel}","templated":true}]}}