{"id":16947,"date":"2017-10-15T12:01:49","date_gmt":"2017-10-15T17:01:49","guid":{"rendered":"http:\/\/elinformanteperu.com\/?p=16947"},"modified":"2017-10-15T12:01:49","modified_gmt":"2017-10-15T17:01:49","slug":"bancada-ppk-avizora-animo-constructivo-en-relacion-gobierno-congreso","status":"publish","type":"post","link":"https:\/\/elinformanteperu.com\/index.php\/2017\/10\/15\/bancada-ppk-avizora-animo-constructivo-en-relacion-gobierno-congreso\/","title":{"rendered":"Bancada PPK avizora \u00e1nimo constructivo en relaci\u00f3n Gobierno &#8211; Congreso"},"content":{"rendered":"<p><strong><span style=\"color: #000000;\">El congresista de Peruanos por el Kambio (PPK), Alberto de Belaunde, dijo esperar que impere un \u00e1nimo constructivo en la relaci\u00f3n entre el Gobierno y el Congreso.<\/span><\/strong><\/p>\n<p><span style=\"color: #000000;\"><strong>Lima, 14 Octubre 2017, (ANDINA).-<\/strong> El congresista de Peruanos por el Kambio (PPK), Alberto de Belaunde, dijo esperar que impere un \u00e1nimo constructivo en la relaci\u00f3n entre el Gobierno y el Congreso, tras el voto de confianza otorgado por el Parlamento al Gabinete Ministerial encabezado por Mercedes Ar\u00e1oz.<\/span><\/p>\n<p><span style=\"color: #000000;\">\u201cEspero que haya un \u00e1nimo constructivo. Siempre he criticado la confrontaci\u00f3n y el nivel de crispaci\u00f3n pol\u00edtica al que se lleg\u00f3, pues es algo muy lejano a lo que el pa\u00eds espera de nosotros\u201d, declar\u00f3 a la Agencia Andina.<\/span><\/p>\n<p><span style=\"color: #000000;\">Seg\u00fan refiri\u00f3, la baja aprobaci\u00f3n del Legislativo obedece, entre otros aspectos, a esta permanente confrontaci\u00f3n.<\/span><\/p>\n<p><span style=\"color: #000000;\">\u201cUn \u00e1nimo constructivo, que esperamos ahora se d\u00e9, siempre genera una mejor reacci\u00f3n de la ciudadan\u00eda\u201d, a\u00f1adi\u00f3.<\/span><\/p>\n<p><span style=\"color: #000000;\">El Congreso otorg\u00f3 en el jueves el voto de confianza al Gabinete Ministerial, tras el largo debate que sigui\u00f3 a la exposici\u00f3n de Mercedes Ar\u00e1oz sobre la pol\u00edtica general del Gobierno y las principales medidas de su gesti\u00f3n.<\/span><\/p>\n<p><span style=\"color: #000000;\">La titular de la Presidencia del Consejo de Ministros (PCM) agradeci\u00f3 la confianza del Parlamento, y abog\u00f3 por llevar adelante un trabajo conjunto por el Per\u00fa.<\/span><\/p>\n<p><span style=\"color: #000000;\">Ratific\u00f3, adem\u00e1s, que ya est\u00e1 en marcha la revoluci\u00f3n social, con una agenda que permita cerrar brechas que limitan la igualdad de oportunidades.<\/span><\/p>\n","protected":false},"excerpt":{"rendered":"<p>El congresista de Peruanos por el Kambio (PPK), Alberto de Belaunde, dijo esperar que impere un \u00e1nimo constructivo en la relaci\u00f3n entre el Gobierno y el Congreso. Lima, 14 Octubre 2017, (ANDINA).- El congresista de Peruanos por el Kambio (PPK), Alberto de Belaunde, dijo esperar que impere un \u00e1nimo constructivo en la relaci\u00f3n entre el [&hellip;]<\/p>\n","protected":false},"author":1,"featured_media":16948,"comment_status":"open","ping_status":"open","sticky":false,"template":"","format":"standard","meta":{"rop_custom_images_group":[],"rop_custom_messages_group":[],"rop_publish_now":"initial","rop_publish_now_accounts":[],"rop_publish_now_history":[],"rop_publish_now_status":"pending","footnotes":""},"categories":[5],"tags":[300,79,1421,73],"class_list":["post-16947","post","type-post","status-publish","format-standard","has-post-thumbnail","hentry","category-actualidad-informativa","tag-alberto-de-belaunde","tag-mercedes-araoz","tag-poder-ejecutivo","tag-ppk"],"_links":{"self":[{"href":"https:\/\/elinformanteperu.com\/index.php\/wp-json\/wp\/v2\/posts\/16947","targetHints":{"allow":["GET"]}}],"collection":[{"href":"https:\/\/elinformanteperu.com\/index.php\/wp-json\/wp\/v2\/posts"}],"about":[{"href":"https:\/\/elinformanteperu.com\/index.php\/wp-json\/wp\/v2\/types\/post"}],"author":[{"embeddable":true,"href":"https:\/\/elinformanteperu.com\/index.php\/wp-json\/wp\/v2\/users\/1"}],"replies":[{"embeddable":true,"href":"https:\/\/elinformanteperu.com\/index.php\/wp-json\/wp\/v2\/comments?post=16947"}],"version-history":[{"count":1,"href":"https:\/\/elinformanteperu.com\/index.php\/wp-json\/wp\/v2\/posts\/16947\/revisions"}],"predecessor-version":[{"id":16949,"href":"https:\/\/elinformanteperu.com\/index.php\/wp-json\/wp\/v2\/posts\/16947\/revisions\/16949"}],"wp:featuredmedia":[{"embeddable":true,"href":"https:\/\/elinformanteperu.com\/index.php\/wp-json\/wp\/v2\/media\/16948"}],"wp:attachment":[{"href":"https:\/\/elinformanteperu.com\/index.php\/wp-json\/wp\/v2\/media?parent=16947"}],"wp:term":[{"taxonomy":"category","embeddable":true,"href":"https:\/\/elinformanteperu.com\/index.php\/wp-json\/wp\/v2\/categories?post=16947"},{"taxonomy":"post_tag","embeddable":true,"href":"https:\/\/elinformanteperu.com\/index.php\/wp-json\/wp\/v2\/tags?post=16947"}],"curies":[{"name":"wp","href":"https:\/\/api.w.org\/{rel}","templated":true}]}}