{"id":16944,"date":"2017-10-15T11:58:38","date_gmt":"2017-10-15T16:58:38","guid":{"rendered":"http:\/\/elinformanteperu.com\/?p=16944"},"modified":"2017-10-15T11:58:38","modified_gmt":"2017-10-15T16:58:38","slug":"odebrecht-fiscalia-continua-investigacion-a-empresario-gustavo-salazar","status":"publish","type":"post","link":"https:\/\/elinformanteperu.com\/index.php\/2017\/10\/15\/odebrecht-fiscalia-continua-investigacion-a-empresario-gustavo-salazar\/","title":{"rendered":"Odebrecht: Fiscal\u00eda contin\u00faa investigaci\u00f3n a empresario Gustavo Salazar"},"content":{"rendered":"<p><strong><span style=\"color: #000000;\">El Equipo Especial del Ministerio P\u00fablico para el caso Lava Jato descart\u00f3 que se haya archivado la investigaci\u00f3n contra el empresario Gustavo Salazar Delgado.<\/span><\/strong><\/p>\n<p><span style=\"color: #000000;\"><strong>Lima, 14 Octubre 2017, (ANDINA).-<\/strong> El Equipo Especial del Ministerio P\u00fablico para el caso Lava Jato descart\u00f3 que se haya archivado la investigaci\u00f3n contra el empresario Gustavo Salazar Delgado, por sus presuntos v\u00ednculos con el caso de corrupci\u00f3n de la empresa Odebrecht.<\/span><\/p>\n<p><span style=\"color: #000000;\">La presunta vinculaci\u00f3n es a trav\u00e9s de la adjudicaci\u00f3n del contrato para la construcci\u00f3n de la V\u00eda Evitamiento del Cusco, por el que se encuentra procesado el exgobernador regional, Jorge Acurio.<\/span><\/p>\n<p><span style=\"color: #000000;\">Dicho grupo de trabajo, liderado por el fiscal Hamilton Castro, aclar\u00f3 que la investigaci\u00f3n contra Gustavo Salazar Delgado contin\u00faa en tr\u00e1mite.<\/span><\/p>\n<p><span style=\"color: #000000;\">Adem\u00e1s, pesa sobre \u00e9l una orden de captura internacional y una solicitud de extradici\u00f3n.<\/span><\/p>\n<p><span style=\"color: #000000;\">Por su parte, la titular del segundo despacho de la Primera Fiscal\u00eda Supraprovincial Especializada en delitos de Lavado de Activos y P\u00e9rdida de Dominio, Rosana Villar Ram\u00edrez, dispuso reabrir la investigaci\u00f3n preliminar contra Salazar Delgado por presunto delito de lavado de activos en agravio del Estado.<\/span><\/p>\n<p><span style=\"color: #000000;\">La medida fue dispuesta al obtenerse la declaraci\u00f3n de un testigo reservado que se acerc\u00f3 de manera espont\u00e1nea a la Fiscal\u00eda de Lavado de Activos y entreg\u00f3 a la fiscal Villar Ram\u00edrez nuevos indicios que acreditar\u00edan los presuntos hechos irregulares por parte de Salazar Delgado durante su desempe\u00f1o como directivo de la empresa \u2018La Positiva Seguros y Reaseguros\u2019, que habr\u00edan motivado un incremento de su patrimonio y el de Luis Te\u00f3filo Alc\u00e1ntara Rea\u00f1o.<\/span><\/p>\n<p><span style=\"color: #000000;\">El Ministerio P\u00fablico aclar\u00f3 que estos nuevos elementos fueron entregados con posteridad al archivo inicial.<\/span><\/p>\n","protected":false},"excerpt":{"rendered":"<p>El Equipo Especial del Ministerio P\u00fablico para el caso Lava Jato descart\u00f3 que se haya archivado la investigaci\u00f3n contra el empresario Gustavo Salazar Delgado. Lima, 14 Octubre 2017, (ANDINA).- El Equipo Especial del Ministerio P\u00fablico para el caso Lava Jato descart\u00f3 que se haya archivado la investigaci\u00f3n contra el empresario Gustavo Salazar Delgado, por sus [&hellip;]<\/p>\n","protected":false},"author":1,"featured_media":16945,"comment_status":"open","ping_status":"open","sticky":false,"template":"","format":"standard","meta":{"rop_custom_images_group":[],"rop_custom_messages_group":[],"rop_publish_now":"initial","rop_publish_now_accounts":[],"rop_publish_now_history":[],"rop_publish_now_status":"pending","footnotes":""},"categories":[5],"tags":[2254,370,619],"class_list":["post-16944","post","type-post","status-publish","format-standard","has-post-thumbnail","hentry","category-actualidad-informativa","tag-gustavo-salazar","tag-ministerio-publico","tag-odebrecht"],"_links":{"self":[{"href":"https:\/\/elinformanteperu.com\/index.php\/wp-json\/wp\/v2\/posts\/16944","targetHints":{"allow":["GET"]}}],"collection":[{"href":"https:\/\/elinformanteperu.com\/index.php\/wp-json\/wp\/v2\/posts"}],"about":[{"href":"https:\/\/elinformanteperu.com\/index.php\/wp-json\/wp\/v2\/types\/post"}],"author":[{"embeddable":true,"href":"https:\/\/elinformanteperu.com\/index.php\/wp-json\/wp\/v2\/users\/1"}],"replies":[{"embeddable":true,"href":"https:\/\/elinformanteperu.com\/index.php\/wp-json\/wp\/v2\/comments?post=16944"}],"version-history":[{"count":1,"href":"https:\/\/elinformanteperu.com\/index.php\/wp-json\/wp\/v2\/posts\/16944\/revisions"}],"predecessor-version":[{"id":16946,"href":"https:\/\/elinformanteperu.com\/index.php\/wp-json\/wp\/v2\/posts\/16944\/revisions\/16946"}],"wp:featuredmedia":[{"embeddable":true,"href":"https:\/\/elinformanteperu.com\/index.php\/wp-json\/wp\/v2\/media\/16945"}],"wp:attachment":[{"href":"https:\/\/elinformanteperu.com\/index.php\/wp-json\/wp\/v2\/media?parent=16944"}],"wp:term":[{"taxonomy":"category","embeddable":true,"href":"https:\/\/elinformanteperu.com\/index.php\/wp-json\/wp\/v2\/categories?post=16944"},{"taxonomy":"post_tag","embeddable":true,"href":"https:\/\/elinformanteperu.com\/index.php\/wp-json\/wp\/v2\/tags?post=16944"}],"curies":[{"name":"wp","href":"https:\/\/api.w.org\/{rel}","templated":true}]}}