{"id":16938,"date":"2017-10-15T11:51:45","date_gmt":"2017-10-15T16:51:45","guid":{"rendered":"http:\/\/elinformanteperu.com\/?p=16938"},"modified":"2017-10-15T11:51:57","modified_gmt":"2017-10-15T16:51:57","slug":"cancer-de-mama-en-varones-se-diagnostica-generalmente-en-estadios-avanzados","status":"publish","type":"post","link":"https:\/\/elinformanteperu.com\/index.php\/2017\/10\/15\/cancer-de-mama-en-varones-se-diagnostica-generalmente-en-estadios-avanzados\/","title":{"rendered":"C\u00e1ncer de mama en varones se diagnostica generalmente en estad\u00edos avanzados"},"content":{"rendered":"<p><strong><span style=\"color: #000000;\">El c\u00e1ncer de mama en varones se diagnostica generalmente en estad\u00edos avanzados, debido especialmente a la concepci\u00f3n err\u00f3nea que es una enfermedad propia de las mujeres.<\/span><\/strong><\/p>\n<p><span style=\"color: #000000;\"><strong>Lima, 15 Octubre 2017, (ANDINA).-<\/strong> El c\u00e1ncer de mama en varones se diagnostica generalmente en estad\u00edos avanzados, debido especialmente a la concepci\u00f3n err\u00f3nea que es una enfermedad propia de las mujeres, indic\u00f3 Mauricio Le\u00f3n Rivera, director m\u00e9dico del Centro Detector del C\u00e1ncer y cirujano onc\u00f3logo de la Cl\u00ednica Ricardo Palma.<\/span><\/p>\n<p><span style=\"color: #000000;\">Asimismo, mencion\u00f3 que la poca informaci\u00f3n y su baja incidencia, hace que los varones tengan poco conocimiento sobre esta patolog\u00eda, lo que contribuye al diagn\u00f3stico tard\u00edo de esta enfermedad. \u201cPor lo general cuando un hombre tiene s\u00edntomas, tales como un bulto debajo de la tetilla, sangrado o ulceraci\u00f3n del pez\u00f3n, ni se imagina que puede ser un tumor maligno\u201d, a\u00f1adi\u00f3.<\/span><\/p>\n<p><span style=\"color: #000000;\">En el Per\u00fa se diagnostican aproximadamente 40 a 50 casos por a\u00f1o, present\u00e1ndose habitualmente entre los 60 y 70 a\u00f1os, cuando los niveles de testosterona disminuyen, unos 10 a\u00f1os m\u00e1s tarde si lo comparamos con las mujeres.<\/span><\/p>\n<p><span style=\"color: #000000;\">Entre los principales factores de riesgo tenemos: la ginecomastia o tejido mamario en varones, el antecedente familiar de c\u00e1ncer de mama u ovario, la edad avanzada, exposici\u00f3n a radiaciones ionizantes o tratamientos hormonales utilizados por homosexuales para el desarrollo de los caracteres sexuales femeninos.<\/span><\/p>\n<p><span style=\"color: #000000;\">\u201cEl c\u00e1ncer de mama en varones es tan raro que tambi\u00e9n es importante revisar si existe alguna alteraci\u00f3n gen\u00e9tica asociada\u201d, se\u00f1al\u00f3 el doctor Le\u00f3n. \u201cSe han identificado mutaciones en dos genes llamados, BRCA1 y BRCA2, que adem\u00e1s aumentan el riesgo de c\u00e1ncer de pr\u00f3stata y de p\u00e1ncreas\u201d, se\u00f1al\u00f3.<\/span><\/p>\n<p><span style=\"color: #000000;\">Actualmente, el tratamiento de c\u00e1ncer de mama es similar para hombres y para mujeres con un enfoque multidisciplinario, primero con cirug\u00eda, luego quimioterapia o inmunoterapia seguido muchas veces de terapia antihormonal.<\/span><\/p>\n<p><span style=\"color: #000000;\">El galeno recomend\u00f3 a los varones que tienen antecedentes familiares con esta enfermedad y presenten alg\u00fan signo mencionado anteriormente, acudir al especialista en mastolog\u00eda para descartar este mal.<\/span><\/p>\n<p><span style=\"color: #000000;\">Cabe mencionar, que los 19 de octubre se conmemora el D\u00eda Mundial de la Lucha Contra el C\u00e1ncer de Mama, con el objetivo de sensibilizar a la poblaci\u00f3n con un mensaje clave: la importancia de la detecci\u00f3n temprana, a fin de mejorar la sobrevida de los pacientes con esta enfermedad.<\/span><\/p>\n","protected":false},"excerpt":{"rendered":"<p>El c\u00e1ncer de mama en varones se diagnostica generalmente en estad\u00edos avanzados, debido especialmente a la concepci\u00f3n err\u00f3nea que es una enfermedad propia de las mujeres. Lima, 15 Octubre 2017, (ANDINA).- El c\u00e1ncer de mama en varones se diagnostica generalmente en estad\u00edos avanzados, debido especialmente a la concepci\u00f3n err\u00f3nea que es una enfermedad propia de [&hellip;]<\/p>\n","protected":false},"author":1,"featured_media":13578,"comment_status":"open","ping_status":"open","sticky":false,"template":"","format":"standard","meta":{"rop_custom_images_group":[],"rop_custom_messages_group":[],"rop_publish_now":"initial","rop_publish_now_accounts":[],"rop_publish_now_history":[],"rop_publish_now_status":"pending","footnotes":""},"categories":[10],"tags":[395],"class_list":["post-16938","post","type-post","status-publish","format-standard","has-post-thumbnail","hentry","category-actualidad-municipal","tag-clinica-ricardo-palma"],"_links":{"self":[{"href":"https:\/\/elinformanteperu.com\/index.php\/wp-json\/wp\/v2\/posts\/16938","targetHints":{"allow":["GET"]}}],"collection":[{"href":"https:\/\/elinformanteperu.com\/index.php\/wp-json\/wp\/v2\/posts"}],"about":[{"href":"https:\/\/elinformanteperu.com\/index.php\/wp-json\/wp\/v2\/types\/post"}],"author":[{"embeddable":true,"href":"https:\/\/elinformanteperu.com\/index.php\/wp-json\/wp\/v2\/users\/1"}],"replies":[{"embeddable":true,"href":"https:\/\/elinformanteperu.com\/index.php\/wp-json\/wp\/v2\/comments?post=16938"}],"version-history":[{"count":2,"href":"https:\/\/elinformanteperu.com\/index.php\/wp-json\/wp\/v2\/posts\/16938\/revisions"}],"predecessor-version":[{"id":16940,"href":"https:\/\/elinformanteperu.com\/index.php\/wp-json\/wp\/v2\/posts\/16938\/revisions\/16940"}],"wp:featuredmedia":[{"embeddable":true,"href":"https:\/\/elinformanteperu.com\/index.php\/wp-json\/wp\/v2\/media\/13578"}],"wp:attachment":[{"href":"https:\/\/elinformanteperu.com\/index.php\/wp-json\/wp\/v2\/media?parent=16938"}],"wp:term":[{"taxonomy":"category","embeddable":true,"href":"https:\/\/elinformanteperu.com\/index.php\/wp-json\/wp\/v2\/categories?post=16938"},{"taxonomy":"post_tag","embeddable":true,"href":"https:\/\/elinformanteperu.com\/index.php\/wp-json\/wp\/v2\/tags?post=16938"}],"curies":[{"name":"wp","href":"https:\/\/api.w.org\/{rel}","templated":true}]}}