{"id":16930,"date":"2017-10-15T11:28:31","date_gmt":"2017-10-15T16:28:31","guid":{"rendered":"http:\/\/elinformanteperu.com\/?p=16930"},"modified":"2017-10-15T11:28:31","modified_gmt":"2017-10-15T16:28:31","slug":"vuelve-para-usted-madame-piaf-con-marcela-pardon","status":"publish","type":"post","link":"https:\/\/elinformanteperu.com\/index.php\/2017\/10\/15\/vuelve-para-usted-madame-piaf-con-marcela-pardon\/","title":{"rendered":"Vuelve \u201cPara usted, madame Piaf\u201d con Marcela Pard\u00f3n"},"content":{"rendered":"<p><strong><span style=\"color: #000000;\">Va el martes 24, mi\u00e9rcoles 25 y jueves 26 a las 8 de la noche en el Patronato del Centro de la Amistad Peruano \u2013 China, de Jes\u00fas Mar\u00eda<\/span><\/strong><\/p>\n<p><span style=\"color: #000000;\"><strong>Lima, 14 Octubre 2017, (El Informante Per\u00fa).-<\/strong> La int\u00e9rprete nacional Marcela Pard\u00f3n rinde homenaje con profunda admiraci\u00f3n a la m\u00e1s grande figura de la chanson: Edith Piaf, y vuelve con \u201cPara usted, Madame Piaf\u201d, el martes 24, mi\u00e9rcoles 25 y jueves 26 a las 8 de la noche en el Patronato del Centro de la Amistad Peruano \u2013 China, de Jes\u00fas Mar\u00eda (Av. De la Peruanidad \u2013 Campo de Marte).<\/span><\/p>\n<p><span style=\"color: #000000;\">En el espect\u00e1culo de primer\u00edsimo nivel re\u00fane los mejores temas de la llamada \u201cgorri\u00f3n de Par\u00eds\u201d. Canciones como \u201cLa vie en rose\u201d, \u201cHymne \u00e0 l\u2019amour\u201d, \u201cMilord\u201d, \u201cNon, je ne regrette rien\u201d y \u201cPadam Padam\u201d han quedado en la historia y en el coraz\u00f3n de varias generaciones.<\/span><\/p>\n<p><span style=\"color: #000000;\">La acompa\u00f1an: Kike Pinto, piano; Coralie Mestanza, bailarina; Sandro Le\u00f3n, cantante invitado; Ramiro N\u00fa\u00f1ez, texto. En la direcci\u00f3n musical est\u00e1 Javier P\u00e9rez-Saco, y en la direcci\u00f3n esc\u00e9nica, Mar\u00eda Jos\u00e9 de Saldivar.<\/span><\/p>\n<p><img fetchpriority=\"high\" decoding=\"async\" class=\"aligncenter size-full wp-image-16932\" src=\"http:\/\/elinformanteperu.com\/wp-content\/uploads\/2017\/10\/Para-usted-madame-Piaf1.jpg\" alt=\"\" width=\"800\" height=\"533\" srcset=\"https:\/\/elinformanteperu.com\/wp-content\/uploads\/2017\/10\/Para-usted-madame-Piaf1.jpg 800w, https:\/\/elinformanteperu.com\/wp-content\/uploads\/2017\/10\/Para-usted-madame-Piaf1-300x200.jpg 300w, https:\/\/elinformanteperu.com\/wp-content\/uploads\/2017\/10\/Para-usted-madame-Piaf1-768x512.jpg 768w, https:\/\/elinformanteperu.com\/wp-content\/uploads\/2017\/10\/Para-usted-madame-Piaf1-128x85.jpg 128w, https:\/\/elinformanteperu.com\/wp-content\/uploads\/2017\/10\/Para-usted-madame-Piaf1-32x21.jpg 32w\" sizes=\"(max-width: 800px) 100vw, 800px\" \/><span style=\"color: #000000;\">La reposici\u00f3n de \u201cPara usted, Madame Piaf\u201d es producida por la Escuela Nacional de Arte Dram\u00e1tico (Ensad) y el ingreso es gratuito. Los boletos se adquieren una hora antes del evento en la misma boleter\u00eda del teatro. Horario de reserva: de 10:30 a.m. a 1p.m. \/ 3 p.m. a 6 p.m. a los tel\u00e9fonos 3320432 anexo 25 y 943671887. Capacidad limitada.<\/span><\/p>\n<p><span style=\"color: #000000;\">Para Marcela no ha sido dif\u00edcil realizar este reconocimiento a una de las cantautoras francesas m\u00e1s c\u00e9lebres del siglo XX. Al tratarse de una artista con una voz extraordinaria y un s\u00f3lido dominio en escena, en cada velada, brinda al p\u00fablico mucha calidad interpretativa.<\/span><\/p>\n<p><span style=\"color: #000000;\">\u201cEntre penumbras y recuerdos se abren paso los acordes cl\u00e1sicos de la canci\u00f3n francesa. La voz plena de Edith Piaf, tiene en ellos su lugar de honor\u201d, comenta. \u201cPara usted, Madame Piaf, peque\u00f1a gran cantante de vida y talentos desbordantes, este sencillo homenaje, con profunda admiraci\u00f3n\u201d, finaliz\u00f3.<\/span><\/p>\n<p><img decoding=\"async\" class=\"aligncenter size-full wp-image-16933\" src=\"http:\/\/elinformanteperu.com\/wp-content\/uploads\/2017\/10\/Para-usted-madame-piaf2.jpg\" alt=\"\" width=\"500\" height=\"262\" srcset=\"https:\/\/elinformanteperu.com\/wp-content\/uploads\/2017\/10\/Para-usted-madame-piaf2.jpg 500w, https:\/\/elinformanteperu.com\/wp-content\/uploads\/2017\/10\/Para-usted-madame-piaf2-300x157.jpg 300w, https:\/\/elinformanteperu.com\/wp-content\/uploads\/2017\/10\/Para-usted-madame-piaf2-128x67.jpg 128w, https:\/\/elinformanteperu.com\/wp-content\/uploads\/2017\/10\/Para-usted-madame-piaf2-32x17.jpg 32w\" sizes=\"(max-width: 500px) 100vw, 500px\" \/><\/p>\n","protected":false},"excerpt":{"rendered":"<p>Va el martes 24, mi\u00e9rcoles 25 y jueves 26 a las 8 de la noche en el Patronato del Centro de la Amistad Peruano \u2013 China, de Jes\u00fas Mar\u00eda Lima, 14 Octubre 2017, (El Informante Per\u00fa).- La int\u00e9rprete nacional Marcela Pard\u00f3n rinde homenaje con profunda admiraci\u00f3n a la m\u00e1s grande figura de la chanson: Edith [&hellip;]<\/p>\n","protected":false},"author":1,"featured_media":16931,"comment_status":"open","ping_status":"open","sticky":false,"template":"","format":"standard","meta":{"rop_custom_images_group":[],"rop_custom_messages_group":[],"rop_publish_now":"initial","rop_publish_now_accounts":[],"rop_publish_now_history":[],"rop_publish_now_status":"pending","footnotes":""},"categories":[69],"tags":[2253],"class_list":["post-16930","post","type-post","status-publish","format-standard","has-post-thumbnail","hentry","category-musica","tag-marcela-pardon"],"_links":{"self":[{"href":"https:\/\/elinformanteperu.com\/index.php\/wp-json\/wp\/v2\/posts\/16930","targetHints":{"allow":["GET"]}}],"collection":[{"href":"https:\/\/elinformanteperu.com\/index.php\/wp-json\/wp\/v2\/posts"}],"about":[{"href":"https:\/\/elinformanteperu.com\/index.php\/wp-json\/wp\/v2\/types\/post"}],"author":[{"embeddable":true,"href":"https:\/\/elinformanteperu.com\/index.php\/wp-json\/wp\/v2\/users\/1"}],"replies":[{"embeddable":true,"href":"https:\/\/elinformanteperu.com\/index.php\/wp-json\/wp\/v2\/comments?post=16930"}],"version-history":[{"count":1,"href":"https:\/\/elinformanteperu.com\/index.php\/wp-json\/wp\/v2\/posts\/16930\/revisions"}],"predecessor-version":[{"id":16934,"href":"https:\/\/elinformanteperu.com\/index.php\/wp-json\/wp\/v2\/posts\/16930\/revisions\/16934"}],"wp:featuredmedia":[{"embeddable":true,"href":"https:\/\/elinformanteperu.com\/index.php\/wp-json\/wp\/v2\/media\/16931"}],"wp:attachment":[{"href":"https:\/\/elinformanteperu.com\/index.php\/wp-json\/wp\/v2\/media?parent=16930"}],"wp:term":[{"taxonomy":"category","embeddable":true,"href":"https:\/\/elinformanteperu.com\/index.php\/wp-json\/wp\/v2\/categories?post=16930"},{"taxonomy":"post_tag","embeddable":true,"href":"https:\/\/elinformanteperu.com\/index.php\/wp-json\/wp\/v2\/tags?post=16930"}],"curies":[{"name":"wp","href":"https:\/\/api.w.org\/{rel}","templated":true}]}}