{"id":16918,"date":"2017-10-15T11:11:57","date_gmt":"2017-10-15T16:11:57","guid":{"rendered":"http:\/\/elinformanteperu.com\/?p=16918"},"modified":"2017-10-15T11:11:57","modified_gmt":"2017-10-15T16:11:57","slug":"penetracion-de-internet-movil-en-peru-subio-de-40-a-un-60","status":"publish","type":"post","link":"https:\/\/elinformanteperu.com\/index.php\/2017\/10\/15\/penetracion-de-internet-movil-en-peru-subio-de-40-a-un-60\/","title":{"rendered":"Penetraci\u00f3n de Internet m\u00f3vil en Per\u00fa subi\u00f3 de 40% a un 60%"},"content":{"rendered":"<p><strong><span style=\"color: #000000;\">La penetraci\u00f3n de Internet m\u00f3vil en Per\u00fa subi\u00f3 de 40% a un 60% en los \u00faltimos tres a\u00f1os, lo cual impacta en el acceso de las personas a Internet y a los aplicativos.<\/span><\/strong><\/p>\n<p><span style=\"color: #000000;\"><strong>Lima, 14 Octubre 2017, (ANDINA).-<\/strong> La penetraci\u00f3n de Internet m\u00f3vil en Per\u00fa subi\u00f3 de 40% a un 60% en los \u00faltimos tres a\u00f1os, lo cual impacta en el acceso de las personas a Internet y a los aplicativos, sostuvo hoy el Country Manager de Telexco} en Per\u00fa, Sergio Mavila.<\/span><\/p>\n<p><span style=\"color: #000000;\">\u201cHace dos o tres a\u00f1os la penetraci\u00f3n de Internet m\u00f3vil era alrededor de un 40%, ahora estamos 20 por encima de esa cifra, lo cual nos muestra que este desarrollo ayuda a que nuestros negocios est\u00e9n m\u00e1s conectados y cerca de las personas\u201d, dijo.<\/span><\/p>\n<p><span style=\"color: #000000;\">Mavila refiri\u00f3 que diversos sectores ya est\u00e1n enfocando su estrategia de negocios al consumidor, como por ejemplo, el sector energ\u00e9tico, que est\u00e1 analizando muy de cerca el comportamiento de sus clientes y lanzando planes adaptados a sus necesidades.<\/span><\/p>\n<p><span style=\"color: #000000;\">\u201cLa transformaci\u00f3n digital marcar\u00e1 la pauta de los siguientes a\u00f1os. Este es un tema muy complejo pero que est\u00e1 avanzando muy r\u00e1pidamente\u201d, subray\u00f3.<\/span><\/p>\n<p><strong><span style=\"color: #000000;\">Transformaci\u00f3n digital<\/span><\/strong><\/p>\n<p><span style=\"color: #000000;\">De otro lado dijo que la transformaci\u00f3n digital de las empresas implica pensar como start up, es decir, reinventarse y enfocarse en el consumidor final, conociendo sus preferencias e intereses, y creando productos y servicios adecuados a sus necesidades.<\/span><\/p>\n<p><span style=\"color: #000000;\">\u201cEs necesario que las empresas por m\u00e1s grandes que sean piensen como start ups, se reinventen y tengan nuevas ideas. Si seguimos pensando de la manera tradicional posiblemente no podremos convertirnos en una empresa digital y m\u00e1s cercana a los clientes\u201d, afirm\u00f3 el ejecutivo.<\/span><\/p>\n<p><span style=\"color: #000000;\">Durante su participaci\u00f3n en el VII Foro MultiIatinas, organizado por Am\u00e9rica Econom\u00eda, indic\u00f3 que las expectativas de las personas son cada vez m\u00e1s altas y las empresas tienen que adaptarse al comportamiento y gustos del consumidor.<\/span><\/p>\n<p><span style=\"color: #000000;\">\u201cEl objetivo de la transformaci\u00f3n digital son las personas, la tecnolog\u00eda es solo un medio, la esencia somos las personas. Lo que queremos es llegar al consumidor final, conocer sus preferencias para darles mejores productos y servicios\u201d, asever\u00f3.<\/span><\/p>\n<p><span style=\"color: #000000;\">Ante estos cambios, las empresas deben ajustar su estrategia de negocios, que debe ser simple, digital, conectada, y focalizada en un prosumidor activo; es decir, un consumidor que influye m\u00e1s en las decisiones de la empresa.<\/span><\/p>\n<p><strong><span style=\"color: #000000;\">Comportamiento<\/span><\/strong><\/p>\n<p><span style=\"color: #000000;\">Esta estrategia tambi\u00e9n debe identificar el comportamiento del consumidor, creando una oferta de valor \u00fanica; y aplicar tecnolog\u00eda de punta: Inteligencia Artificial, Big Data, algoritmos gen\u00e9ticos, redes neuronales, entre otros.<\/span><\/p>\n<p><span style=\"color: #000000;\">\u201cLos modelos de negocios tradicionales adolecen de cercan\u00eda y conocimiento del consumidor y es realmente \u00e9ste quien agrega valor al negocio. Si no estamos cerca del consumidor probablemente vamos a quedar fuera del negocio\u201d, manifest\u00f3 Mavila.<\/span><\/p>\n","protected":false},"excerpt":{"rendered":"<p>La penetraci\u00f3n de Internet m\u00f3vil en Per\u00fa subi\u00f3 de 40% a un 60% en los \u00faltimos tres a\u00f1os, lo cual impacta en el acceso de las personas a Internet y a los aplicativos. Lima, 14 Octubre 2017, (ANDINA).- La penetraci\u00f3n de Internet m\u00f3vil en Per\u00fa subi\u00f3 de 40% a un 60% en los \u00faltimos tres [&hellip;]<\/p>\n","protected":false},"author":1,"featured_media":16919,"comment_status":"open","ping_status":"open","sticky":false,"template":"","format":"standard","meta":{"rop_custom_images_group":[],"rop_custom_messages_group":[],"rop_publish_now":"initial","rop_publish_now_accounts":[],"rop_publish_now_history":[],"rop_publish_now_status":"pending","footnotes":""},"categories":[10],"tags":[2251,318],"class_list":["post-16918","post","type-post","status-publish","format-standard","has-post-thumbnail","hentry","category-actualidad-municipal","tag-internexa","tag-ministerio-de-transportes-y-comunicaciones"],"_links":{"self":[{"href":"https:\/\/elinformanteperu.com\/index.php\/wp-json\/wp\/v2\/posts\/16918","targetHints":{"allow":["GET"]}}],"collection":[{"href":"https:\/\/elinformanteperu.com\/index.php\/wp-json\/wp\/v2\/posts"}],"about":[{"href":"https:\/\/elinformanteperu.com\/index.php\/wp-json\/wp\/v2\/types\/post"}],"author":[{"embeddable":true,"href":"https:\/\/elinformanteperu.com\/index.php\/wp-json\/wp\/v2\/users\/1"}],"replies":[{"embeddable":true,"href":"https:\/\/elinformanteperu.com\/index.php\/wp-json\/wp\/v2\/comments?post=16918"}],"version-history":[{"count":1,"href":"https:\/\/elinformanteperu.com\/index.php\/wp-json\/wp\/v2\/posts\/16918\/revisions"}],"predecessor-version":[{"id":16920,"href":"https:\/\/elinformanteperu.com\/index.php\/wp-json\/wp\/v2\/posts\/16918\/revisions\/16920"}],"wp:featuredmedia":[{"embeddable":true,"href":"https:\/\/elinformanteperu.com\/index.php\/wp-json\/wp\/v2\/media\/16919"}],"wp:attachment":[{"href":"https:\/\/elinformanteperu.com\/index.php\/wp-json\/wp\/v2\/media?parent=16918"}],"wp:term":[{"taxonomy":"category","embeddable":true,"href":"https:\/\/elinformanteperu.com\/index.php\/wp-json\/wp\/v2\/categories?post=16918"},{"taxonomy":"post_tag","embeddable":true,"href":"https:\/\/elinformanteperu.com\/index.php\/wp-json\/wp\/v2\/tags?post=16918"}],"curies":[{"name":"wp","href":"https:\/\/api.w.org\/{rel}","templated":true}]}}