{"id":16914,"date":"2017-10-15T11:07:21","date_gmt":"2017-10-15T16:07:21","guid":{"rendered":"http:\/\/elinformanteperu.com\/?p=16914"},"modified":"2017-10-15T11:07:21","modified_gmt":"2017-10-15T16:07:21","slug":"martin-camino-forsyth-paso-su-primera-noche-en-el-penal-de-lurigancho","status":"publish","type":"post","link":"https:\/\/elinformanteperu.com\/index.php\/2017\/10\/15\/martin-camino-forsyth-paso-su-primera-noche-en-el-penal-de-lurigancho\/","title":{"rendered":"Mart\u00edn Camino Forsyth pas\u00f3 su primera noche en el penal de Lurigancho"},"content":{"rendered":"<p><strong><span style=\"color: #000000;\">Mart\u00edn Camino Forsyth, a quien se le impuso nueve meses de prisi\u00f3n preventiva por el presunto delito de tentativa de feminicidio\u00a0 pas\u00f3 su primera noche en el penal.<\/span><\/strong><\/p>\n<p><span style=\"color: #000000;\"><strong>Lima, 14 Octubre 2017, (ANDINA).-<\/strong> Mart\u00edn Camino Forsyth, a quien el Poder Judicial le impuso nueve meses de prisi\u00f3n preventiva por el presunto delito de tentativa de feminicidio en agravio de Micaela de Osma, pas\u00f3 su primera noche en el penal de Lurigancho.<\/span><\/p>\n<p><span style=\"color: #000000;\">Camino, quien permanec\u00eda en la carceleta del Instituto Nacional Penitenciario (Inpe), en el Palacio de Justicia, fue trasladado en horas de la noche al penal de Lurigancho, donde esperar\u00e1 el proceso judicial correspondiente.<\/span><\/p>\n<p><span style=\"color: #000000;\">Con la barba crecida, mirada seria y cubierto con dos frazadas, Camino Forsyth fue sacado de la carceleta por personal de la Polic\u00eda Nacional.<\/span><\/p>\n<p><span style=\"color: #000000;\">Fue el Juzgado Penal de Turno de la Corte Superior de Justicia de Lima, en el curso de una audiencia realizada el pasado 11 de octubre, en la sede del Poder Judicial de la avenida Abancay, donde se abri\u00f3 proceso penal en su contra.<\/span><\/p>\n<p><span style=\"color: #000000;\">Camino Forsyth fue grabado por una vecina cuando maltrataba f\u00edsicamente a la joven De Osma, arrastr\u00e1ndola por toda la calle y forz\u00e1ndola a entrar a su casa. El video es la prueba contundente del ataque.<\/span><\/p>\n<p><span style=\"color: #000000;\">Vecinos del lugar declararon posteriormente a los medios de comunicaci\u00f3n que los gritos y las peleas eran frecuentes entre la pareja. Lo que se sabe es que Micaela de Osma ya hab\u00eda denunciado a su agresor en el 2015.<\/span><\/p>\n<p><img fetchpriority=\"high\" decoding=\"async\" class=\"aligncenter size-full wp-image-16916\" src=\"http:\/\/elinformanteperu.com\/wp-content\/uploads\/2017\/10\/martin-camino-feminicio1.jpg\" alt=\"\" width=\"611\" height=\"458\" srcset=\"https:\/\/elinformanteperu.com\/wp-content\/uploads\/2017\/10\/martin-camino-feminicio1.jpg 611w, https:\/\/elinformanteperu.com\/wp-content\/uploads\/2017\/10\/martin-camino-feminicio1-300x225.jpg 300w, https:\/\/elinformanteperu.com\/wp-content\/uploads\/2017\/10\/martin-camino-feminicio1-128x96.jpg 128w, https:\/\/elinformanteperu.com\/wp-content\/uploads\/2017\/10\/martin-camino-feminicio1-32x24.jpg 32w\" sizes=\"(max-width: 611px) 100vw, 611px\" \/><\/p>\n","protected":false},"excerpt":{"rendered":"<p>Mart\u00edn Camino Forsyth, a quien se le impuso nueve meses de prisi\u00f3n preventiva por el presunto delito de tentativa de feminicidio\u00a0 pas\u00f3 su primera noche en el penal. Lima, 14 Octubre 2017, (ANDINA).- Mart\u00edn Camino Forsyth, a quien el Poder Judicial le impuso nueve meses de prisi\u00f3n preventiva por el presunto delito de tentativa de [&hellip;]<\/p>\n","protected":false},"author":1,"featured_media":16915,"comment_status":"open","ping_status":"open","sticky":false,"template":"","format":"standard","meta":{"rop_custom_images_group":[],"rop_custom_messages_group":[],"rop_publish_now":"initial","rop_publish_now_accounts":[],"rop_publish_now_history":[],"rop_publish_now_status":"pending","footnotes":""},"categories":[10],"tags":[2250,163],"class_list":["post-16914","post","type-post","status-publish","format-standard","has-post-thumbnail","hentry","category-actualidad-municipal","tag-martin-camino-forsyth","tag-poder-judicial"],"_links":{"self":[{"href":"https:\/\/elinformanteperu.com\/index.php\/wp-json\/wp\/v2\/posts\/16914","targetHints":{"allow":["GET"]}}],"collection":[{"href":"https:\/\/elinformanteperu.com\/index.php\/wp-json\/wp\/v2\/posts"}],"about":[{"href":"https:\/\/elinformanteperu.com\/index.php\/wp-json\/wp\/v2\/types\/post"}],"author":[{"embeddable":true,"href":"https:\/\/elinformanteperu.com\/index.php\/wp-json\/wp\/v2\/users\/1"}],"replies":[{"embeddable":true,"href":"https:\/\/elinformanteperu.com\/index.php\/wp-json\/wp\/v2\/comments?post=16914"}],"version-history":[{"count":1,"href":"https:\/\/elinformanteperu.com\/index.php\/wp-json\/wp\/v2\/posts\/16914\/revisions"}],"predecessor-version":[{"id":16917,"href":"https:\/\/elinformanteperu.com\/index.php\/wp-json\/wp\/v2\/posts\/16914\/revisions\/16917"}],"wp:featuredmedia":[{"embeddable":true,"href":"https:\/\/elinformanteperu.com\/index.php\/wp-json\/wp\/v2\/media\/16915"}],"wp:attachment":[{"href":"https:\/\/elinformanteperu.com\/index.php\/wp-json\/wp\/v2\/media?parent=16914"}],"wp:term":[{"taxonomy":"category","embeddable":true,"href":"https:\/\/elinformanteperu.com\/index.php\/wp-json\/wp\/v2\/categories?post=16914"},{"taxonomy":"post_tag","embeddable":true,"href":"https:\/\/elinformanteperu.com\/index.php\/wp-json\/wp\/v2\/tags?post=16914"}],"curies":[{"name":"wp","href":"https:\/\/api.w.org\/{rel}","templated":true}]}}