{"id":16889,"date":"2017-10-15T09:59:57","date_gmt":"2017-10-15T14:59:57","guid":{"rendered":"http:\/\/elinformanteperu.com\/?p=16889"},"modified":"2017-10-15T09:59:57","modified_gmt":"2017-10-15T14:59:57","slug":"renato-tapia-se-lesiono-durante-partido-de-la-liga-holandesa","status":"publish","type":"post","link":"https:\/\/elinformanteperu.com\/index.php\/2017\/10\/15\/renato-tapia-se-lesiono-durante-partido-de-la-liga-holandesa\/","title":{"rendered":"Renato Tapia se lesion\u00f3 durante partido de la liga holandesa"},"content":{"rendered":"<p><strong><span style=\"color: #000000;\">El volante de la selecci\u00f3n peruana, Renato Tapia, se lesion\u00f3 durante un partido que disputaba su club, el Feyenoord, por la liga holandesa.<\/span><\/strong><\/p>\n<p><span style=\"color: #000000;\"><strong>Lima, 14 Octubre 2017, (ANDINA).-<\/strong> El volante de la selecci\u00f3n peruana, Renato Tapia, se lesion\u00f3 durante un partido que disputaba su club, el Feyenoord, por la liga holandesa.<\/span><\/p>\n<p><span style=\"color: #000000;\">Tapia, quien disput\u00f3 el \u00faltimo partido Per\u00fa &#8211; Colombia, aline\u00f3 en el equipo titular del Feyenoord ante el PEC Zwolle, pero a los 20 minutos del primer tiempo tuvo que dejar el campo de juego.<\/span><\/p>\n<p><span style=\"color: #000000;\">Entre l\u00e1grimas, el peruano fue conducido a los vestuarios para su atenci\u00f3n. Seg\u00fan la prensa holandesa, la lesi\u00f3n ser\u00eda en la parte posterior de la pierna.<\/span><\/p>\n<p><span style=\"color: #000000;\">El joven volante fue una de las principales apuestas del director t\u00e9cnico Ricardo Gareca para el proceso de clasificaci\u00f3n al Mundial de Rusia 2018.<\/span><\/p>\n<p><span style=\"color: #000000;\">La lesi\u00f3n ocurri\u00f3 a poco menos de un mes para disputar los partidos de repechaje ante Nueva Zelanda (6 y 14 de noviembre).<\/span><\/p>\n<p><img fetchpriority=\"high\" decoding=\"async\" class=\"aligncenter size-full wp-image-16891\" src=\"http:\/\/elinformanteperu.com\/wp-content\/uploads\/2017\/10\/renato-tapia-lesionado.jpeg\" alt=\"\" width=\"950\" height=\"475\" srcset=\"https:\/\/elinformanteperu.com\/wp-content\/uploads\/2017\/10\/renato-tapia-lesionado.jpeg 950w, https:\/\/elinformanteperu.com\/wp-content\/uploads\/2017\/10\/renato-tapia-lesionado-300x150.jpeg 300w, https:\/\/elinformanteperu.com\/wp-content\/uploads\/2017\/10\/renato-tapia-lesionado-768x384.jpeg 768w, https:\/\/elinformanteperu.com\/wp-content\/uploads\/2017\/10\/renato-tapia-lesionado-128x64.jpeg 128w, https:\/\/elinformanteperu.com\/wp-content\/uploads\/2017\/10\/renato-tapia-lesionado-32x16.jpeg 32w\" sizes=\"(max-width: 950px) 100vw, 950px\" \/><\/p>\n","protected":false},"excerpt":{"rendered":"<p>El volante de la selecci\u00f3n peruana, Renato Tapia, se lesion\u00f3 durante un partido que disputaba su club, el Feyenoord, por la liga holandesa. Lima, 14 Octubre 2017, (ANDINA).- El volante de la selecci\u00f3n peruana, Renato Tapia, se lesion\u00f3 durante un partido que disputaba su club, el Feyenoord, por la liga holandesa. Tapia, quien disput\u00f3 el [&hellip;]<\/p>\n","protected":false},"author":1,"featured_media":16890,"comment_status":"open","ping_status":"open","sticky":false,"template":"","format":"standard","meta":{"rop_custom_images_group":[],"rop_custom_messages_group":[],"rop_publish_now":"initial","rop_publish_now_accounts":[],"rop_publish_now_history":[],"rop_publish_now_status":"pending","footnotes":""},"categories":[8],"tags":[175,1260,137],"class_list":["post-16889","post","type-post","status-publish","format-standard","has-post-thumbnail","hentry","category-disciplinas-deportivas","tag-eliminatorias","tag-renato-tapia","tag-seleccion-peruana"],"_links":{"self":[{"href":"https:\/\/elinformanteperu.com\/index.php\/wp-json\/wp\/v2\/posts\/16889","targetHints":{"allow":["GET"]}}],"collection":[{"href":"https:\/\/elinformanteperu.com\/index.php\/wp-json\/wp\/v2\/posts"}],"about":[{"href":"https:\/\/elinformanteperu.com\/index.php\/wp-json\/wp\/v2\/types\/post"}],"author":[{"embeddable":true,"href":"https:\/\/elinformanteperu.com\/index.php\/wp-json\/wp\/v2\/users\/1"}],"replies":[{"embeddable":true,"href":"https:\/\/elinformanteperu.com\/index.php\/wp-json\/wp\/v2\/comments?post=16889"}],"version-history":[{"count":1,"href":"https:\/\/elinformanteperu.com\/index.php\/wp-json\/wp\/v2\/posts\/16889\/revisions"}],"predecessor-version":[{"id":16892,"href":"https:\/\/elinformanteperu.com\/index.php\/wp-json\/wp\/v2\/posts\/16889\/revisions\/16892"}],"wp:featuredmedia":[{"embeddable":true,"href":"https:\/\/elinformanteperu.com\/index.php\/wp-json\/wp\/v2\/media\/16890"}],"wp:attachment":[{"href":"https:\/\/elinformanteperu.com\/index.php\/wp-json\/wp\/v2\/media?parent=16889"}],"wp:term":[{"taxonomy":"category","embeddable":true,"href":"https:\/\/elinformanteperu.com\/index.php\/wp-json\/wp\/v2\/categories?post=16889"},{"taxonomy":"post_tag","embeddable":true,"href":"https:\/\/elinformanteperu.com\/index.php\/wp-json\/wp\/v2\/tags?post=16889"}],"curies":[{"name":"wp","href":"https:\/\/api.w.org\/{rel}","templated":true}]}}