{"id":16887,"date":"2017-10-14T13:30:42","date_gmt":"2017-10-14T18:30:42","guid":{"rendered":"http:\/\/elinformanteperu.com\/?p=16887"},"modified":"2017-10-14T13:30:42","modified_gmt":"2017-10-14T18:30:42","slug":"amplian-estado-de-emergencia-en-distritos-de-apurimac-y-cusco","status":"publish","type":"post","link":"https:\/\/elinformanteperu.com\/index.php\/2017\/10\/14\/amplian-estado-de-emergencia-en-distritos-de-apurimac-y-cusco\/","title":{"rendered":"Ampl\u00edan estado de emergencia en distritos de Apur\u00edmac y Cusco"},"content":{"rendered":"<p><strong><span style=\"color: #000000;\">El Ejecutivo prorrog\u00f3, por 30 d\u00edas calendario, el estado de emergencia declarado en los distritos de la regi\u00f3n Apur\u00edmac; y en la provincia de Chumbivilcas, regi\u00f3n Cusco.<\/span><\/strong><\/p>\n<p><span style=\"color: #000000;\"><strong>Lima, 14 Octubre 2017, (ANDINA).-<\/strong> El Ejecutivo prorrog\u00f3, por 30 d\u00edas calendario, el estado de emergencia declarado en los distritos de Chalhuahuacho y Mara, provincia de Cotabambas, regi\u00f3n Apur\u00edmac; y en el distrito de Capacmarca de la provincia de Chumbivilcas, regi\u00f3n Cusco. La Polic\u00eda Nacional del Per\u00fa mantiene el control del orden interno, con el apoyo de las Fuerzas Armadas.<\/span><\/p>\n<p><span style=\"color: #000000;\">Mediante un Decreto Supremo publicado hoy en el Diario Oficial El Peruano, se establece que esta medida rige desde el lunes 16 de octubre y durante su vigencia quedan suspendidos los derechos constitucionales relativos a la libertad y seguridad personales, la inviolabilidad del domicilio y la libertad de reuni\u00f3n y de tr\u00e1nsito en el territorio, comprendidos en los incisos 9), 11), 12) y 24) apartado f) del art\u00edculo 2 de la Constituci\u00f3n Pol\u00edtica del Per\u00fa.<\/span><\/p>\n<p><span style=\"color: #000000;\">La intervenci\u00f3n de la Polic\u00eda Nacional del Per\u00fa y de las Fuerzas Armadas se efect\u00faa conforme a lo dispuesto en el Decreto Legislativo N\u00b0 1186, Decreto Legislativo que regula el uso de la fuerza por parte de la Polic\u00eda Nacional del Per\u00fa, y en el Decreto Legislativo N\u00b0 1095, Decreto Legislativo que establece reglas de empleo y uso de la fuerza por parte de las Fuerzas Armadas en el territorio nacional, respectivamente.<\/span><\/p>\n<p><span style=\"color: #000000;\">La norma lleva la firma del Presidente de la Rep\u00fablica, Pedro Pablo Kuczynski, y es refrendada por la presidenta del Consejo de Ministros, Mercedes Ar\u00e1oz; y los ministros del Interior, Carlos Basombr\u00edo; de Defensa, Jorge Nieto; y de Justicia y Derechos Humanos, Enrique Mendoza.<\/span><\/p>\n","protected":false},"excerpt":{"rendered":"<p>El Ejecutivo prorrog\u00f3, por 30 d\u00edas calendario, el estado de emergencia declarado en los distritos de la regi\u00f3n Apur\u00edmac; y en la provincia de Chumbivilcas, regi\u00f3n Cusco. Lima, 14 Octubre 2017, (ANDINA).- El Ejecutivo prorrog\u00f3, por 30 d\u00edas calendario, el estado de emergencia declarado en los distritos de Chalhuahuacho y Mara, provincia de Cotabambas, regi\u00f3n [&hellip;]<\/p>\n","protected":false},"author":1,"featured_media":3029,"comment_status":"open","ping_status":"open","sticky":false,"template":"","format":"standard","meta":{"rop_custom_images_group":[],"rop_custom_messages_group":[],"rop_publish_now":"initial","rop_publish_now_accounts":[],"rop_publish_now_history":[],"rop_publish_now_status":"pending","footnotes":""},"categories":[10],"tags":[280,1421],"class_list":["post-16887","post","type-post","status-publish","format-standard","has-post-thumbnail","hentry","category-actualidad-municipal","tag-ministerio-del-interior","tag-poder-ejecutivo"],"_links":{"self":[{"href":"https:\/\/elinformanteperu.com\/index.php\/wp-json\/wp\/v2\/posts\/16887","targetHints":{"allow":["GET"]}}],"collection":[{"href":"https:\/\/elinformanteperu.com\/index.php\/wp-json\/wp\/v2\/posts"}],"about":[{"href":"https:\/\/elinformanteperu.com\/index.php\/wp-json\/wp\/v2\/types\/post"}],"author":[{"embeddable":true,"href":"https:\/\/elinformanteperu.com\/index.php\/wp-json\/wp\/v2\/users\/1"}],"replies":[{"embeddable":true,"href":"https:\/\/elinformanteperu.com\/index.php\/wp-json\/wp\/v2\/comments?post=16887"}],"version-history":[{"count":1,"href":"https:\/\/elinformanteperu.com\/index.php\/wp-json\/wp\/v2\/posts\/16887\/revisions"}],"predecessor-version":[{"id":16888,"href":"https:\/\/elinformanteperu.com\/index.php\/wp-json\/wp\/v2\/posts\/16887\/revisions\/16888"}],"wp:featuredmedia":[{"embeddable":true,"href":"https:\/\/elinformanteperu.com\/index.php\/wp-json\/wp\/v2\/media\/3029"}],"wp:attachment":[{"href":"https:\/\/elinformanteperu.com\/index.php\/wp-json\/wp\/v2\/media?parent=16887"}],"wp:term":[{"taxonomy":"category","embeddable":true,"href":"https:\/\/elinformanteperu.com\/index.php\/wp-json\/wp\/v2\/categories?post=16887"},{"taxonomy":"post_tag","embeddable":true,"href":"https:\/\/elinformanteperu.com\/index.php\/wp-json\/wp\/v2\/tags?post=16887"}],"curies":[{"name":"wp","href":"https:\/\/api.w.org\/{rel}","templated":true}]}}