{"id":16882,"date":"2017-10-14T13:22:41","date_gmt":"2017-10-14T18:22:41","guid":{"rendered":"http:\/\/elinformanteperu.com\/?p=16882"},"modified":"2017-10-14T13:22:41","modified_gmt":"2017-10-14T18:22:41","slug":"union-europea-presenta-el-29o-festival-de-cine-europeo-de-lima","status":"publish","type":"post","link":"https:\/\/elinformanteperu.com\/index.php\/2017\/10\/14\/union-europea-presenta-el-29o-festival-de-cine-europeo-de-lima\/","title":{"rendered":"Uni\u00f3n Europea presenta el 29\u00ba Festival de Cine Europeo de Lima"},"content":{"rendered":"<p><strong><span style=\"color: #000000;\">Con la exhibici\u00f3n de 52 largometrajes y una muestra de cortos se iniciar\u00e1 el pr\u00f3ximo 24 de octubre el 29\u00ba Festival de Cine Europeo de Lima en diversas sedes.<\/span><\/strong><\/p>\n<p><span style=\"color: #000000;\"><strong>Lima, 13 Octubre 2017, (ANDINA).-<\/strong> Con la exhibici\u00f3n de 52 largometrajes y una muestra de cortos se iniciar\u00e1 el pr\u00f3ximo 24 de octubre el 29\u00ba Festival de Cine Europeo de Lima en diversas sedes. El evento se realizar\u00e1 hasta el pr\u00f3ximo 8 de noviembre.<\/span><\/p>\n<p><span style=\"color: #000000;\">Los trabajos son procedentes de Austria, Alemania, B\u00e9lgica, Espa\u00f1a, Finlandia, Francia, Grecia, Hungr\u00eda, Italia, Pa\u00edses Bajos, Polonia, Portugal, Suecia y de Suiza como pa\u00eds invitado.<\/span><\/p>\n<p><span style=\"color: #000000;\">Adem\u00e1s de las secciones de Ficci\u00f3n, Documental y Animaci\u00f3n, el Festival presenta una Muestra del cine producido por los estudios DEFA (Deutsche Film-Aktiengesellschft), a trav\u00e9s de tres de los m\u00e1s reconocidos directores de cine de la que fuera la Rep\u00fablica Democr\u00e1tica Alemana: Frank Beyer, Heiner Carow y Wolfgang Staudte.<\/span><\/p>\n<p><span style=\"color: #000000;\">En la presente edici\u00f3n, el Festival abre una nueva secci\u00f3n dedicada a la apreciaci\u00f3n cinematogr\u00e1fica, con el seminario \u201cMiradas sobre el cine europeo\u201d, para el cual ha invitado a Nicol\u00e1s Azalbert, cr\u00edtico de cine de la prestigiosa revista Cahiers du Cin\u00e9ma, quien junto con profesionales peruanos de la cr\u00edtica y docencia (Natalia Ames, M\u00f3nica Delgado, Ricardo Bedoya, Rodrigo Bedoya, Isaac Le\u00f3n Fr\u00edas y Oscar Contreras), compartir\u00e1 una de las cuatro sesiones del seminario que se realizar\u00e1 los s\u00e1bados 28 de octubre y 4 de noviembre (de 9:00 a.m. a 1:00 p.m.) en el CCPUCP. Ingreso libre.<\/span><\/p>\n<p><span style=\"color: #000000;\">Las Embajadas de los Estados miembros de la Uni\u00f3n Europea en el Per\u00fa, la Delegaci\u00f3n de la Uni\u00f3n Europea y la Filmoteca de la Pontificia Universidad Cat\u00f3lica del Per\u00fa presentan este importante evento.<\/span><\/p>\n<div id=\"attachment_16883\" style=\"width: 1810px\" class=\"wp-caption aligncenter\"><img fetchpriority=\"high\" decoding=\"async\" aria-describedby=\"caption-attachment-16883\" class=\"size-full wp-image-16883\" src=\"http:\/\/elinformanteperu.com\/wp-content\/uploads\/2017\/10\/Nicolas-Azalbert.jpg\" alt=\"\" width=\"1800\" height=\"1206\" srcset=\"https:\/\/elinformanteperu.com\/wp-content\/uploads\/2017\/10\/Nicolas-Azalbert.jpg 1800w, https:\/\/elinformanteperu.com\/wp-content\/uploads\/2017\/10\/Nicolas-Azalbert-300x201.jpg 300w, https:\/\/elinformanteperu.com\/wp-content\/uploads\/2017\/10\/Nicolas-Azalbert-768x515.jpg 768w, https:\/\/elinformanteperu.com\/wp-content\/uploads\/2017\/10\/Nicolas-Azalbert-1024x686.jpg 1024w, https:\/\/elinformanteperu.com\/wp-content\/uploads\/2017\/10\/Nicolas-Azalbert-128x86.jpg 128w, https:\/\/elinformanteperu.com\/wp-content\/uploads\/2017\/10\/Nicolas-Azalbert-32x21.jpg 32w\" sizes=\"(max-width: 1800px) 100vw, 1800px\" \/><p id=\"caption-attachment-16883\" class=\"wp-caption-text\"><strong>Nicol\u00e1s Azalbert, cr\u00edtico de cine, llega al Per\u00fa para importante festival.<\/strong><\/p><\/div>\n<p>&nbsp;<\/p>\n","protected":false},"excerpt":{"rendered":"<p>Con la exhibici\u00f3n de 52 largometrajes y una muestra de cortos se iniciar\u00e1 el pr\u00f3ximo 24 de octubre el 29\u00ba Festival de Cine Europeo de Lima en diversas sedes. Lima, 13 Octubre 2017, (ANDINA).- Con la exhibici\u00f3n de 52 largometrajes y una muestra de cortos se iniciar\u00e1 el pr\u00f3ximo 24 de octubre el 29\u00ba Festival [&hellip;]<\/p>\n","protected":false},"author":1,"featured_media":11565,"comment_status":"open","ping_status":"open","sticky":false,"template":"","format":"standard","meta":{"rop_custom_images_group":[],"rop_custom_messages_group":[],"rop_publish_now":"initial","rop_publish_now_accounts":[],"rop_publish_now_history":[],"rop_publish_now_status":"pending","footnotes":""},"categories":[7],"tags":[488,2248],"class_list":["post-16882","post","type-post","status-publish","format-standard","has-post-thumbnail","hentry","category-butaca","tag-cine","tag-festival-de-cine-europeo-de-lima-2017"],"_links":{"self":[{"href":"https:\/\/elinformanteperu.com\/index.php\/wp-json\/wp\/v2\/posts\/16882","targetHints":{"allow":["GET"]}}],"collection":[{"href":"https:\/\/elinformanteperu.com\/index.php\/wp-json\/wp\/v2\/posts"}],"about":[{"href":"https:\/\/elinformanteperu.com\/index.php\/wp-json\/wp\/v2\/types\/post"}],"author":[{"embeddable":true,"href":"https:\/\/elinformanteperu.com\/index.php\/wp-json\/wp\/v2\/users\/1"}],"replies":[{"embeddable":true,"href":"https:\/\/elinformanteperu.com\/index.php\/wp-json\/wp\/v2\/comments?post=16882"}],"version-history":[{"count":1,"href":"https:\/\/elinformanteperu.com\/index.php\/wp-json\/wp\/v2\/posts\/16882\/revisions"}],"predecessor-version":[{"id":16884,"href":"https:\/\/elinformanteperu.com\/index.php\/wp-json\/wp\/v2\/posts\/16882\/revisions\/16884"}],"wp:featuredmedia":[{"embeddable":true,"href":"https:\/\/elinformanteperu.com\/index.php\/wp-json\/wp\/v2\/media\/11565"}],"wp:attachment":[{"href":"https:\/\/elinformanteperu.com\/index.php\/wp-json\/wp\/v2\/media?parent=16882"}],"wp:term":[{"taxonomy":"category","embeddable":true,"href":"https:\/\/elinformanteperu.com\/index.php\/wp-json\/wp\/v2\/categories?post=16882"},{"taxonomy":"post_tag","embeddable":true,"href":"https:\/\/elinformanteperu.com\/index.php\/wp-json\/wp\/v2\/tags?post=16882"}],"curies":[{"name":"wp","href":"https:\/\/api.w.org\/{rel}","templated":true}]}}