{"id":16754,"date":"2017-10-10T00:38:54","date_gmt":"2017-10-10T05:38:54","guid":{"rendered":"http:\/\/elinformanteperu.com\/?p=16754"},"modified":"2017-10-10T00:38:54","modified_gmt":"2017-10-10T05:38:54","slug":"peru-colombia-paolo-guerrero-y-cueva-afinan-punteria-para-partido-de-infarto","status":"publish","type":"post","link":"https:\/\/elinformanteperu.com\/index.php\/2017\/10\/10\/peru-colombia-paolo-guerrero-y-cueva-afinan-punteria-para-partido-de-infarto\/","title":{"rendered":"Per\u00fa-Colombia: Paolo Guerrero y Cueva afinan punter\u00eda para partido de infarto"},"content":{"rendered":"<p><strong><span style=\"color: #000000;\">Con su artillero Paolo Guerrero y el mediocampista Christian Cueva, Per\u00fa qued\u00f3 lista para recibir el martes en Lima a Colombia por la clasificaci\u00f3n a Rusia-2018.<\/span><\/strong><\/p>\n<p><span style=\"color: #000000;\"><strong>Lima, 09 Octubre 2017, (ANDINA).-<\/strong> Con su artillero Paolo Guerrero y el mediocampista Christian Cueva, Per\u00fa qued\u00f3 lista para recibir el martes en Lima a Colombia en el duelo donde ambas selecciones quieren sellar su pasaporte a Rusia-2018 sin depender de terceros.<\/span><\/p>\n<p><span style=\"color: #000000;\">La escuadra inca realiz\u00f3 el lunes su \u00faltimo entrenamiento y reconoci\u00f3 el gramado del estadio Nacional de Lima, recinto donde se disputar\u00e1 el duelo en la fecha final de la clasificatoria sudamericana.<\/span><\/p>\n<p><span style=\"color: #000000;\">En las pr\u00e1cticas los jugadores realizaron pases largos y disparos de pelota para Guerrero y Cueva.<\/span><\/p>\n<p><span style=\"color: #000000;\">&#8216;Aladino&#8217; Cueva (Sao Paulo, Brasil), timonel del mediocampo, regresa tras cumplir una fecha de suspensi\u00f3n en el empate sin goles con Argentina.<\/span><\/p>\n<p><span style=\"color: #000000;\">\u00abCuevita (Cueva) jugar\u00e1 con nosotros porque tenemos que ganar a Colombia s\u00ed o s\u00ed\u00bb, escribi\u00f3 el &#8216;Depredador&#8217; Guerrero en su cuenta en Facebook.<\/span><\/p>\n<p><span style=\"color: #000000;\">\u00abCon un gran compa\u00f1ero Neymar, ya nos veremos en el mundial Rusia 2018\u00bb, se\u00f1al\u00f3 el capit\u00e1n de la selecci\u00f3n, de 33 a\u00f1os.<\/span><\/p>\n<p><span style=\"color: #000000;\">La incertidumbre rond\u00f3 en los entrenamientos por tercer d\u00eda consecutivo. El mediocampista Edison Flores y el volante Paolo Hurtado solo realizaron trabajos diferenciados a un costado del campo.<\/span><\/p>\n<p><span style=\"color: #000000;\">El t\u00e9cnico argentino, Ricardo Gareca, tendr\u00e1 a disposici\u00f3n para este duelo a casi todo su equipo completo, pues retornan Cueva, Hurtado y el defensa Christian Ramos.<\/span><\/p>\n<p><span style=\"color: #000000;\">El delantero Jefferson Farf\u00e1n ser\u00e1 baja por tarjetas amarillas.<\/span><\/p>\n<p><strong><span style=\"color: #000000;\">Concentraci\u00f3n total<\/span><\/strong><\/p>\n<p><span style=\"color: #000000;\">Tras las pr\u00e1cticas, la selecci\u00f3n inca qued\u00f3 concentrada hasta horas antes del duelo.<\/span><\/p>\n<p><span style=\"color: #000000;\">La escuadra inca est\u00e1 obligada a ganar a los cafeteros para ir a un Mundial en forma directa. Un empate o una derrota la obligar\u00eda a depender de otros resultados para saber si clasifica directamente, va al repechaje contra Nueva Zelanda o queda fuera de Rusia-2018.<\/span><\/p>\n<p><span style=\"color: #000000;\">Per\u00fa suma 25 puntos en el quinto lugar, uno por debajo de Colombia, cuarta, en una tabla que lidera la clasificada Brasil con 38 unidades.<\/span><\/p>\n<p><span style=\"color: #000000;\">Colombia tambi\u00e9n debe de ganar para pasar, de lo contrario tambi\u00e9n tendr\u00e1 su destino en manos de terceros.<\/span><\/p>\n<p><img fetchpriority=\"high\" decoding=\"async\" class=\"aligncenter size-full wp-image-7572\" src=\"http:\/\/elinformanteperu.com\/wp-content\/uploads\/2017\/03\/paolo-guerrero-uruguay1.jpg\" alt=\"\" width=\"680\" height=\"382\" srcset=\"https:\/\/elinformanteperu.com\/wp-content\/uploads\/2017\/03\/paolo-guerrero-uruguay1.jpg 680w, https:\/\/elinformanteperu.com\/wp-content\/uploads\/2017\/03\/paolo-guerrero-uruguay1-300x169.jpg 300w, https:\/\/elinformanteperu.com\/wp-content\/uploads\/2017\/03\/paolo-guerrero-uruguay1-128x72.jpg 128w, https:\/\/elinformanteperu.com\/wp-content\/uploads\/2017\/03\/paolo-guerrero-uruguay1-32x18.jpg 32w\" sizes=\"(max-width: 680px) 100vw, 680px\" \/><\/p>\n","protected":false},"excerpt":{"rendered":"<p>Con su artillero Paolo Guerrero y el mediocampista Christian Cueva, Per\u00fa qued\u00f3 lista para recibir el martes en Lima a Colombia por la clasificaci\u00f3n a Rusia-2018. Lima, 09 Octubre 2017, (ANDINA).- Con su artillero Paolo Guerrero y el mediocampista Christian Cueva, Per\u00fa qued\u00f3 lista para recibir el martes en Lima a Colombia en el duelo [&hellip;]<\/p>\n","protected":false},"author":1,"featured_media":1727,"comment_status":"open","ping_status":"open","sticky":false,"template":"","format":"standard","meta":{"rop_custom_images_group":[],"rop_custom_messages_group":[],"rop_publish_now":"initial","rop_publish_now_accounts":[],"rop_publish_now_history":[],"rop_publish_now_status":"pending","footnotes":""},"categories":[8],"tags":[175,137],"class_list":["post-16754","post","type-post","status-publish","format-standard","has-post-thumbnail","hentry","category-disciplinas-deportivas","tag-eliminatorias","tag-seleccion-peruana"],"_links":{"self":[{"href":"https:\/\/elinformanteperu.com\/index.php\/wp-json\/wp\/v2\/posts\/16754","targetHints":{"allow":["GET"]}}],"collection":[{"href":"https:\/\/elinformanteperu.com\/index.php\/wp-json\/wp\/v2\/posts"}],"about":[{"href":"https:\/\/elinformanteperu.com\/index.php\/wp-json\/wp\/v2\/types\/post"}],"author":[{"embeddable":true,"href":"https:\/\/elinformanteperu.com\/index.php\/wp-json\/wp\/v2\/users\/1"}],"replies":[{"embeddable":true,"href":"https:\/\/elinformanteperu.com\/index.php\/wp-json\/wp\/v2\/comments?post=16754"}],"version-history":[{"count":1,"href":"https:\/\/elinformanteperu.com\/index.php\/wp-json\/wp\/v2\/posts\/16754\/revisions"}],"predecessor-version":[{"id":16755,"href":"https:\/\/elinformanteperu.com\/index.php\/wp-json\/wp\/v2\/posts\/16754\/revisions\/16755"}],"wp:featuredmedia":[{"embeddable":true,"href":"https:\/\/elinformanteperu.com\/index.php\/wp-json\/wp\/v2\/media\/1727"}],"wp:attachment":[{"href":"https:\/\/elinformanteperu.com\/index.php\/wp-json\/wp\/v2\/media?parent=16754"}],"wp:term":[{"taxonomy":"category","embeddable":true,"href":"https:\/\/elinformanteperu.com\/index.php\/wp-json\/wp\/v2\/categories?post=16754"},{"taxonomy":"post_tag","embeddable":true,"href":"https:\/\/elinformanteperu.com\/index.php\/wp-json\/wp\/v2\/tags?post=16754"}],"curies":[{"name":"wp","href":"https:\/\/api.w.org\/{rel}","templated":true}]}}