{"id":16723,"date":"2017-10-09T00:37:04","date_gmt":"2017-10-09T05:37:04","guid":{"rendered":"http:\/\/elinformanteperu.com\/?p=16723"},"modified":"2017-10-09T00:37:04","modified_gmt":"2017-10-09T05:37:04","slug":"poder-judicial-amplia-por-siete-meses-prision-preventiva-contra-gerardo-vinas","status":"publish","type":"post","link":"https:\/\/elinformanteperu.com\/index.php\/2017\/10\/09\/poder-judicial-amplia-por-siete-meses-prision-preventiva-contra-gerardo-vinas\/","title":{"rendered":"Poder Judicial ampl\u00eda por siete meses prisi\u00f3n preventiva contra Gerardo Vi\u00f1as"},"content":{"rendered":"<p><strong><span style=\"color: #000000;\">La Corte Superior de Justicia de Tumbes dispuso ampliar por siete meses el mandato de prisi\u00f3n preventiva contra el exgobernador regional, Gerardo Vi\u00f1as Dioses.<\/span><\/strong><\/p>\n<p><span style=\"color: #000000;\"><strong>Lima, 08 Octubre 2017, (ANDINA).-<\/strong> La Corte Superior de Justicia de Tumbes dispuso ampliar por siete meses el mandato de prisi\u00f3n preventiva contra el exgobernador regional, Gerardo Vi\u00f1as Dioses, por una acusaci\u00f3n por presunto delito de peculado en agravio del Estado.<\/span><\/p>\n<p><span style=\"color: #000000;\">La medida dispuesta contra la exautoridad regional, quien ya cumple una condena de siete a\u00f1os de prisi\u00f3n efectiva por otro caso de corrupci\u00f3n, est\u00e1 relacionado con la obra de mejoramiento de la cabecera de la microred de Salud de la provincia de Zarumilla.<\/span><\/p>\n<p><span style=\"color: #000000;\">Esta ampliaci\u00f3n de la prisi\u00f3n preventiva fue dispuesta por el magistrado Carlos Samaniego Espinoza, titular del Segundo Juzgado de Investigaci\u00f3n Preparatoria Especializado en Delitos de Corrupci\u00f3n de Funcionarios de Tumbes, en atenci\u00f3n al pedido presentado por fiscal Miriam Umbo Ruiz.<\/span><\/p>\n<p><span style=\"color: #000000;\">La audiencia se realiz\u00f3 mediante videoconferencia desde el penal de Anc\u00f3n en Lima, donde se encuentra recluido Vi\u00f1as Dioses, quien fue asistido por su abogado.<\/span><\/p>\n<p><span style=\"color: #000000;\">De acuerdo con la fiscal, quien solicit\u00f3 inicialmente la ampliaci\u00f3n de la prisi\u00f3n preventiva por 18 meses, hay complejidad en este caso relacionado al abandono una obra valorizada en cinco millones 423,278 soles.<\/span><\/p>\n<p><span style=\"color: #000000;\">Por su parte, el juez pidi\u00f3 a la representante del Ministerio P\u00fablico justificar bien su requerimiento de c\u00e1rcel para evitar que se vulneren los derechos de Vi\u00f1as Dioses y de los dem\u00e1s procesados.<\/span><\/p>\n<p><span style=\"color: #000000;\">Tras insistir en su inocencia y en que es v\u00edctima de una persecuci\u00f3n pol\u00edtica del gobierno anterior, la exautoridad regional denunci\u00f3 abusos en el penal de Anc\u00f3n, donde, seg\u00fan dijo, no le permiten la visita de sus hijos ni hermanos, solo a su madre de 90 a\u00f1os. <\/span><\/p>\n<p><span style=\"color: #000000;\">En este caso, la fiscal solicit\u00f3 nueve a\u00f1os de pena privativa de la libertad contra Gerardo Vi\u00f1as, Marco C\u00f3rdova Rivera, Marco C\u00f3rdova Gal\u00e1n, Juan Carlos Alfaro Olivari y otros.<\/span><\/p>\n","protected":false},"excerpt":{"rendered":"<p>La Corte Superior de Justicia de Tumbes dispuso ampliar por siete meses el mandato de prisi\u00f3n preventiva contra el exgobernador regional, Gerardo Vi\u00f1as Dioses. Lima, 08 Octubre 2017, (ANDINA).- La Corte Superior de Justicia de Tumbes dispuso ampliar por siete meses el mandato de prisi\u00f3n preventiva contra el exgobernador regional, Gerardo Vi\u00f1as Dioses, por una [&hellip;]<\/p>\n","protected":false},"author":1,"featured_media":16724,"comment_status":"open","ping_status":"open","sticky":false,"template":"","format":"standard","meta":{"rop_custom_images_group":[],"rop_custom_messages_group":[],"rop_publish_now":"initial","rop_publish_now_accounts":[],"rop_publish_now_history":[],"rop_publish_now_status":"pending","footnotes":""},"categories":[5],"tags":[2240,370,163],"class_list":["post-16723","post","type-post","status-publish","format-standard","has-post-thumbnail","hentry","category-actualidad-informativa","tag-gerardo-vinas","tag-ministerio-publico","tag-poder-judicial"],"_links":{"self":[{"href":"https:\/\/elinformanteperu.com\/index.php\/wp-json\/wp\/v2\/posts\/16723","targetHints":{"allow":["GET"]}}],"collection":[{"href":"https:\/\/elinformanteperu.com\/index.php\/wp-json\/wp\/v2\/posts"}],"about":[{"href":"https:\/\/elinformanteperu.com\/index.php\/wp-json\/wp\/v2\/types\/post"}],"author":[{"embeddable":true,"href":"https:\/\/elinformanteperu.com\/index.php\/wp-json\/wp\/v2\/users\/1"}],"replies":[{"embeddable":true,"href":"https:\/\/elinformanteperu.com\/index.php\/wp-json\/wp\/v2\/comments?post=16723"}],"version-history":[{"count":1,"href":"https:\/\/elinformanteperu.com\/index.php\/wp-json\/wp\/v2\/posts\/16723\/revisions"}],"predecessor-version":[{"id":16725,"href":"https:\/\/elinformanteperu.com\/index.php\/wp-json\/wp\/v2\/posts\/16723\/revisions\/16725"}],"wp:featuredmedia":[{"embeddable":true,"href":"https:\/\/elinformanteperu.com\/index.php\/wp-json\/wp\/v2\/media\/16724"}],"wp:attachment":[{"href":"https:\/\/elinformanteperu.com\/index.php\/wp-json\/wp\/v2\/media?parent=16723"}],"wp:term":[{"taxonomy":"category","embeddable":true,"href":"https:\/\/elinformanteperu.com\/index.php\/wp-json\/wp\/v2\/categories?post=16723"},{"taxonomy":"post_tag","embeddable":true,"href":"https:\/\/elinformanteperu.com\/index.php\/wp-json\/wp\/v2\/tags?post=16723"}],"curies":[{"name":"wp","href":"https:\/\/api.w.org\/{rel}","templated":true}]}}