{"id":16504,"date":"2017-10-03T00:24:42","date_gmt":"2017-10-03T05:24:42","guid":{"rendered":"http:\/\/elinformanteperu.com\/?p=16504"},"modified":"2017-10-03T00:24:42","modified_gmt":"2017-10-03T05:24:42","slug":"fiscal-de-andorra-entrega-de-informacion-sobre-cuentas-sera-lo-mas-agil-posible","status":"publish","type":"post","link":"https:\/\/elinformanteperu.com\/index.php\/2017\/10\/03\/fiscal-de-andorra-entrega-de-informacion-sobre-cuentas-sera-lo-mas-agil-posible\/","title":{"rendered":"Fiscal de Andorra: entrega de informaci\u00f3n sobre cuentas ser\u00e1 lo m\u00e1s \u00e1gil posible"},"content":{"rendered":"<p><strong><span style=\"color: #000000;\">El fiscal general del Principado de Andorra, Alfons Alberca Sanvicens, asegur\u00f3 que ser\u00e1 lo m\u00e1s \u00e1gil posible la entrega de informaci\u00f3n solicitada por el Per\u00fa respecto al caso Odebrecht.<\/span><\/strong><\/p>\n<p><span style=\"color: #000000;\"><strong>Lima, 02 Octubre 2017, (ANDINA).-<\/strong> El fiscal general del Principado de Andorra, Alfons Alberca Sanvicens, asegur\u00f3 que ser\u00e1 lo m\u00e1s \u00e1gil posible la entrega de informaci\u00f3n solicitada por el Per\u00fa respecto a las cuentas encontradas en su pa\u00eds relacionadas con la empresa Odebrecht.<\/span><\/p>\n<p><span style=\"color: #000000;\">Durante su participaci\u00f3n en la Convenci\u00f3n de Fiscales y Procuradores Generales 2017, pidi\u00f3 paciencia y comprender que los plazos en los procesos fiscales, no siempre coincide con el inter\u00e9s de los medios de comunicaci\u00f3n, que demandan informaci\u00f3n inmediata.<\/span><\/p>\n<p><span style=\"color: #000000;\">\u00abSer\u00e1 lo m\u00e1s \u00e1gil posible, no puedo dar una fecha, no depende de la misma fiscal\u00eda, sino del juzgado de instrucci\u00f3n y luego enviar\u00e9 la informaci\u00f3n\u00bb, expres\u00f3 al ser consultado sobre cuando se responder\u00e1 el pedido de informaci\u00f3n solicitado por el Per\u00fa.<\/span><\/p>\n<p><span style=\"color: #000000;\">Alberca Sanvicens dijo que la Fiscal\u00eda de Andorra trabajar\u00e1 estrechamente con el Ministerio P\u00fablico del Per\u00fa, porque tienen el mismo inter\u00e9s de que se avance en las investigaciones.<\/span><\/p>\n<p><span style=\"color: #000000;\">Se\u00f1al\u00f3 que el proceso de investigaci\u00f3n fiscal es complejo debido a que no es f\u00e1cil armonizar legislaciones nacionales, sin embargo, refiri\u00f3, que la convenci\u00f3n internacional ayudar\u00e1 a afianzar la colaboraci\u00f3n.<\/span><\/p>\n<p><span style=\"color: #000000;\">Indic\u00f3 que se deben promover f\u00f3rmulas para que no existan fronteras en la lucha contra la corrupci\u00f3n y la impunidad.<\/span><\/p>\n<p><span style=\"color: #000000;\">El fiscal de la Naci\u00f3n, Pablo S\u00e1nchez, inform\u00f3 que el Per\u00fa solicit\u00f3 de manera oficial toda la informaci\u00f3n vinculada con el Per\u00fa, tras conocerse un informe del diario El Pa\u00eds, de Espa\u00f1a, donde se da cuenta del hallazgo de dep\u00f3sitos realizados por empresa vinculadas a Odebrecht en favor de exfuncionarios peruanos.<\/span><\/p>\n<p><span style=\"color: #000000;\">Los dep\u00f3sitos suman al rededor de 15 millones de d\u00f3lares. Entre los beneficiarios se encuentran Miguel Atala, ex funcionario de Petroper\u00fa; Horacio C\u00e1nepa, exarbitro de la C\u00e1mara de Comercio de Lima, V\u00edctor Enrique Mu\u00f1oz Cuba, Edwin Mart\u00edn Luyo Barrientos, expresidente del Comit\u00e9 de Licitaciones del Metro 1 de Lima, Jorge e\u00f1aranda Casta\u00f1eda y Gabriel Prado Ramos.<\/span><\/p>\n<p><span style=\"color: #000000;\">El Fiscal General de Andorra, Alfons Alberca Sanvincens, participar\u00e1 en el panel 3 de la convenci\u00f3n, que tiene como tema \u201cLa eficacia en la estrategia antivalado en un mundo globalizado\u201d, junto a los fiscales de Bolivia y El Salvador.<\/span><\/p>\n","protected":false},"excerpt":{"rendered":"<p>El fiscal general del Principado de Andorra, Alfons Alberca Sanvicens, asegur\u00f3 que ser\u00e1 lo m\u00e1s \u00e1gil posible la entrega de informaci\u00f3n solicitada por el Per\u00fa respecto al caso Odebrecht. Lima, 02 Octubre 2017, (ANDINA).- El fiscal general del Principado de Andorra, Alfons Alberca Sanvicens, asegur\u00f3 que ser\u00e1 lo m\u00e1s \u00e1gil posible la entrega de informaci\u00f3n [&hellip;]<\/p>\n","protected":false},"author":1,"featured_media":15282,"comment_status":"open","ping_status":"open","sticky":false,"template":"","format":"standard","meta":{"rop_custom_images_group":[],"rop_custom_messages_group":[],"rop_publish_now":"initial","rop_publish_now_accounts":[],"rop_publish_now_history":[],"rop_publish_now_status":"pending","footnotes":""},"categories":[5],"tags":[370,619,163],"class_list":["post-16504","post","type-post","status-publish","format-standard","has-post-thumbnail","hentry","category-actualidad-informativa","tag-ministerio-publico","tag-odebrecht","tag-poder-judicial"],"_links":{"self":[{"href":"https:\/\/elinformanteperu.com\/index.php\/wp-json\/wp\/v2\/posts\/16504","targetHints":{"allow":["GET"]}}],"collection":[{"href":"https:\/\/elinformanteperu.com\/index.php\/wp-json\/wp\/v2\/posts"}],"about":[{"href":"https:\/\/elinformanteperu.com\/index.php\/wp-json\/wp\/v2\/types\/post"}],"author":[{"embeddable":true,"href":"https:\/\/elinformanteperu.com\/index.php\/wp-json\/wp\/v2\/users\/1"}],"replies":[{"embeddable":true,"href":"https:\/\/elinformanteperu.com\/index.php\/wp-json\/wp\/v2\/comments?post=16504"}],"version-history":[{"count":1,"href":"https:\/\/elinformanteperu.com\/index.php\/wp-json\/wp\/v2\/posts\/16504\/revisions"}],"predecessor-version":[{"id":16505,"href":"https:\/\/elinformanteperu.com\/index.php\/wp-json\/wp\/v2\/posts\/16504\/revisions\/16505"}],"wp:featuredmedia":[{"embeddable":true,"href":"https:\/\/elinformanteperu.com\/index.php\/wp-json\/wp\/v2\/media\/15282"}],"wp:attachment":[{"href":"https:\/\/elinformanteperu.com\/index.php\/wp-json\/wp\/v2\/media?parent=16504"}],"wp:term":[{"taxonomy":"category","embeddable":true,"href":"https:\/\/elinformanteperu.com\/index.php\/wp-json\/wp\/v2\/categories?post=16504"},{"taxonomy":"post_tag","embeddable":true,"href":"https:\/\/elinformanteperu.com\/index.php\/wp-json\/wp\/v2\/tags?post=16504"}],"curies":[{"name":"wp","href":"https:\/\/api.w.org\/{rel}","templated":true}]}}