{"id":16492,"date":"2017-10-02T23:14:20","date_gmt":"2017-10-03T04:14:20","guid":{"rendered":"http:\/\/elinformanteperu.com\/?p=16492"},"modified":"2017-10-02T23:14:20","modified_gmt":"2017-10-03T04:14:20","slug":"fifa-multo-a-la-fpf-por-canticos-homofobicos-de-hinchas-peruanos-en-ecuador","status":"publish","type":"post","link":"https:\/\/elinformanteperu.com\/index.php\/2017\/10\/02\/fifa-multo-a-la-fpf-por-canticos-homofobicos-de-hinchas-peruanos-en-ecuador\/","title":{"rendered":"FIFA mult\u00f3 a la FPF por c\u00e1nticos homof\u00f3bicos de hinchas peruanos en Ecuador"},"content":{"rendered":"<p><strong><span style=\"color: #000000;\">La FIFA mult\u00f3 a la Federaci\u00f3n Peruana de F\u00fatbol (FPF) por los c\u00e1nticos homof\u00f3bicos de los hinchas peruanos en el duelo ante Ecuador en Quito.<\/span><\/strong><\/p>\n<p><span style=\"color: #000000;\"><strong>Z\u00farich, 02 Octubre 2017, (ANDINA).-<\/strong> La FIFA mult\u00f3 a la Federaci\u00f3n Peruana de F\u00fatbol (FPF) por los c\u00e1nticos homof\u00f3bicos de los hinchas peruanos en el duelo ante Ecuador en Quito, que correspondi\u00f3 a la fecha 16 de las eliminatorias a Rusia 2018, y que se sald\u00f3 con un triunfo (2-1) de la selecci\u00f3n peruana.<\/span><\/p>\n<p><span style=\"color: #000000;\">El m\u00e1ximo ente del balompi\u00e9 nacional deber\u00e1 pagar 25,000 francos suizos (alrededor de 25,000 d\u00f3lares).<\/span><\/p>\n<p><span style=\"color: #000000;\">La Federaci\u00f3n Ecuatoriana de F\u00fatbol (FEF) tambi\u00e9n fue sancionada por este motivo, aunque pagar\u00e1 20 mil francos suizos.<\/span><\/p>\n<p><span style=\"color: #000000;\">Cabe se\u00f1alar que esta no es la primera vez que se sanciona al Per\u00fa. Tambi\u00e9n lo hicieron en los partidos ante Venezuela y Ecuador en Lima.<\/span><\/p>\n<p><span style=\"color: #000000;\">En caso de reincidencia, la FIFA podr\u00eda cerrar el Estadio Nacional.<\/span><\/p>\n<p><img fetchpriority=\"high\" decoding=\"async\" class=\"aligncenter size-full wp-image-15426\" src=\"http:\/\/elinformanteperu.com\/wp-content\/uploads\/2017\/09\/peru-ecuador1.jpg\" alt=\"\" width=\"1800\" height=\"1212\" srcset=\"https:\/\/elinformanteperu.com\/wp-content\/uploads\/2017\/09\/peru-ecuador1.jpg 1800w, https:\/\/elinformanteperu.com\/wp-content\/uploads\/2017\/09\/peru-ecuador1-300x202.jpg 300w, https:\/\/elinformanteperu.com\/wp-content\/uploads\/2017\/09\/peru-ecuador1-768x517.jpg 768w, https:\/\/elinformanteperu.com\/wp-content\/uploads\/2017\/09\/peru-ecuador1-1024x689.jpg 1024w, https:\/\/elinformanteperu.com\/wp-content\/uploads\/2017\/09\/peru-ecuador1-128x86.jpg 128w, https:\/\/elinformanteperu.com\/wp-content\/uploads\/2017\/09\/peru-ecuador1-32x22.jpg 32w\" sizes=\"(max-width: 1800px) 100vw, 1800px\" \/><\/p>\n","protected":false},"excerpt":{"rendered":"<p>La FIFA mult\u00f3 a la Federaci\u00f3n Peruana de F\u00fatbol (FPF) por los c\u00e1nticos homof\u00f3bicos de los hinchas peruanos en el duelo ante Ecuador en Quito. Z\u00farich, 02 Octubre 2017, (ANDINA).- La FIFA mult\u00f3 a la Federaci\u00f3n Peruana de F\u00fatbol (FPF) por los c\u00e1nticos homof\u00f3bicos de los hinchas peruanos en el duelo ante Ecuador en Quito, [&hellip;]<\/p>\n","protected":false},"author":1,"featured_media":15429,"comment_status":"open","ping_status":"open","sticky":false,"template":"","format":"standard","meta":{"rop_custom_images_group":[],"rop_custom_messages_group":[],"rop_publish_now":"initial","rop_publish_now_accounts":[],"rop_publish_now_history":[],"rop_publish_now_status":"pending","footnotes":""},"categories":[8],"tags":[175,204,268,205,137],"class_list":["post-16492","post","type-post","status-publish","format-standard","has-post-thumbnail","hentry","category-disciplinas-deportivas","tag-eliminatorias","tag-federacion-peruana-de-futbol","tag-fifa","tag-fpf","tag-seleccion-peruana"],"_links":{"self":[{"href":"https:\/\/elinformanteperu.com\/index.php\/wp-json\/wp\/v2\/posts\/16492","targetHints":{"allow":["GET"]}}],"collection":[{"href":"https:\/\/elinformanteperu.com\/index.php\/wp-json\/wp\/v2\/posts"}],"about":[{"href":"https:\/\/elinformanteperu.com\/index.php\/wp-json\/wp\/v2\/types\/post"}],"author":[{"embeddable":true,"href":"https:\/\/elinformanteperu.com\/index.php\/wp-json\/wp\/v2\/users\/1"}],"replies":[{"embeddable":true,"href":"https:\/\/elinformanteperu.com\/index.php\/wp-json\/wp\/v2\/comments?post=16492"}],"version-history":[{"count":1,"href":"https:\/\/elinformanteperu.com\/index.php\/wp-json\/wp\/v2\/posts\/16492\/revisions"}],"predecessor-version":[{"id":16493,"href":"https:\/\/elinformanteperu.com\/index.php\/wp-json\/wp\/v2\/posts\/16492\/revisions\/16493"}],"wp:featuredmedia":[{"embeddable":true,"href":"https:\/\/elinformanteperu.com\/index.php\/wp-json\/wp\/v2\/media\/15429"}],"wp:attachment":[{"href":"https:\/\/elinformanteperu.com\/index.php\/wp-json\/wp\/v2\/media?parent=16492"}],"wp:term":[{"taxonomy":"category","embeddable":true,"href":"https:\/\/elinformanteperu.com\/index.php\/wp-json\/wp\/v2\/categories?post=16492"},{"taxonomy":"post_tag","embeddable":true,"href":"https:\/\/elinformanteperu.com\/index.php\/wp-json\/wp\/v2\/tags?post=16492"}],"curies":[{"name":"wp","href":"https:\/\/api.w.org\/{rel}","templated":true}]}}