{"id":16489,"date":"2017-10-02T23:10:22","date_gmt":"2017-10-03T04:10:22","guid":{"rendered":"http:\/\/elinformanteperu.com\/?p=16489"},"modified":"2017-10-02T23:10:22","modified_gmt":"2017-10-03T04:10:22","slug":"peru-colombia-aficionados-protestan-por-ventas-de-entradas-por-internet","status":"publish","type":"post","link":"https:\/\/elinformanteperu.com\/index.php\/2017\/10\/02\/peru-colombia-aficionados-protestan-por-ventas-de-entradas-por-internet\/","title":{"rendered":"Per\u00fa-Colombia: aficionados protestan por ventas de entradas por internet"},"content":{"rendered":"<p><strong><span style=\"color: #000000;\">Un grupo de aficionados protest\u00f3 en las afueras de la Videna por la decisi\u00f3n de la Federaci\u00f3n Peruana de F\u00fatbol de vender las entradas para el partido Per\u00fa-Colombia s\u00f3lo por v\u00eda internet.<\/span><\/strong><\/p>\n<p><span style=\"color: #000000;\"><strong>Lima, 02 Octubre 2017, (ANDINA).-<\/strong> Un grupo de aficionados protest\u00f3 en las afueras de la Villa Deportiva Nacional (Videna) por la decisi\u00f3n de la Federaci\u00f3n Peruana de F\u00fatbol de vender las entradas para el partido Per\u00fa-Colombia s\u00f3lo por v\u00eda internet. Ellos piden que los boletos sean adquiridos en las boleterias del Estadio Nacional.<\/span><\/p>\n<p><span style=\"color: #000000;\">Los fan\u00e1ticos se mostraron muy molestos por haber acampado desde hace semanas en el Estadio Nacional para conseguir una entradas para el partido del martes 10 de octubre y a \u00faltima hora la FPF decida cambiar el proceso de compra a v\u00eda internet.<\/span><\/p>\n<p><span style=\"color: #000000;\">\u00abNosotros estamos caminando hacia la Videna porque nos sentimos ofendidos y dolidos como hinchas que hemos acompa\u00f1ado a la selecci\u00f3n en todo el proceso eliminatoria y justo cuando va alcanzar la cumbre nos vengan a limitar nuestra compra. Reclamamos por la manera en que la va vender\u00bb, dijo una de las personas, quien pidi\u00f3 que se les escuche.<\/span><\/p>\n<p><span style=\"color: #000000;\">Ayer, en horas de la noche, la Federaci\u00f3n Peruana de F\u00fatbol env\u00edo un comunicado donde da a conocer que las entradas para el partido Per\u00fa-Colombia, del 10 de octubre, se vender\u00e1n solo v\u00eda p\u00e1gina web de Teleticket.<\/span><\/p>\n<p><img fetchpriority=\"high\" decoding=\"async\" class=\"aligncenter size-full wp-image-16164\" src=\"http:\/\/elinformanteperu.com\/wp-content\/uploads\/2017\/09\/peru-argentina11-1.jpeg\" alt=\"\" width=\"950\" height=\"475\" srcset=\"https:\/\/elinformanteperu.com\/wp-content\/uploads\/2017\/09\/peru-argentina11-1.jpeg 950w, https:\/\/elinformanteperu.com\/wp-content\/uploads\/2017\/09\/peru-argentina11-1-300x150.jpeg 300w, https:\/\/elinformanteperu.com\/wp-content\/uploads\/2017\/09\/peru-argentina11-1-768x384.jpeg 768w, https:\/\/elinformanteperu.com\/wp-content\/uploads\/2017\/09\/peru-argentina11-1-128x64.jpeg 128w, https:\/\/elinformanteperu.com\/wp-content\/uploads\/2017\/09\/peru-argentina11-1-32x16.jpeg 32w\" sizes=\"(max-width: 950px) 100vw, 950px\" \/><\/p>\n","protected":false},"excerpt":{"rendered":"<p>Un grupo de aficionados protest\u00f3 en las afueras de la Videna por la decisi\u00f3n de la Federaci\u00f3n Peruana de F\u00fatbol de vender las entradas para el partido Per\u00fa-Colombia s\u00f3lo por v\u00eda internet. Lima, 02 Octubre 2017, (ANDINA).- Un grupo de aficionados protest\u00f3 en las afueras de la Villa Deportiva Nacional (Videna) por la decisi\u00f3n de [&hellip;]<\/p>\n","protected":false},"author":1,"featured_media":16490,"comment_status":"open","ping_status":"open","sticky":false,"template":"","format":"standard","meta":{"rop_custom_images_group":[],"rop_custom_messages_group":[],"rop_publish_now":"initial","rop_publish_now_accounts":[],"rop_publish_now_history":[],"rop_publish_now_status":"pending","footnotes":""},"categories":[8],"tags":[175,1232,137],"class_list":["post-16489","post","type-post","status-publish","format-standard","has-post-thumbnail","hentry","category-disciplinas-deportivas","tag-eliminatorias","tag-la-videna","tag-seleccion-peruana"],"_links":{"self":[{"href":"https:\/\/elinformanteperu.com\/index.php\/wp-json\/wp\/v2\/posts\/16489","targetHints":{"allow":["GET"]}}],"collection":[{"href":"https:\/\/elinformanteperu.com\/index.php\/wp-json\/wp\/v2\/posts"}],"about":[{"href":"https:\/\/elinformanteperu.com\/index.php\/wp-json\/wp\/v2\/types\/post"}],"author":[{"embeddable":true,"href":"https:\/\/elinformanteperu.com\/index.php\/wp-json\/wp\/v2\/users\/1"}],"replies":[{"embeddable":true,"href":"https:\/\/elinformanteperu.com\/index.php\/wp-json\/wp\/v2\/comments?post=16489"}],"version-history":[{"count":1,"href":"https:\/\/elinformanteperu.com\/index.php\/wp-json\/wp\/v2\/posts\/16489\/revisions"}],"predecessor-version":[{"id":16491,"href":"https:\/\/elinformanteperu.com\/index.php\/wp-json\/wp\/v2\/posts\/16489\/revisions\/16491"}],"wp:featuredmedia":[{"embeddable":true,"href":"https:\/\/elinformanteperu.com\/index.php\/wp-json\/wp\/v2\/media\/16490"}],"wp:attachment":[{"href":"https:\/\/elinformanteperu.com\/index.php\/wp-json\/wp\/v2\/media?parent=16489"}],"wp:term":[{"taxonomy":"category","embeddable":true,"href":"https:\/\/elinformanteperu.com\/index.php\/wp-json\/wp\/v2\/categories?post=16489"},{"taxonomy":"post_tag","embeddable":true,"href":"https:\/\/elinformanteperu.com\/index.php\/wp-json\/wp\/v2\/tags?post=16489"}],"curies":[{"name":"wp","href":"https:\/\/api.w.org\/{rel}","templated":true}]}}