{"id":16486,"date":"2017-10-02T23:06:38","date_gmt":"2017-10-03T04:06:38","guid":{"rendered":"http:\/\/elinformanteperu.com\/?p=16486"},"modified":"2017-10-02T23:06:38","modified_gmt":"2017-10-03T04:06:38","slug":"cueva-la-seleccion-peruana-esta-preparada-para-afrontar-la-presion-existente","status":"publish","type":"post","link":"https:\/\/elinformanteperu.com\/index.php\/2017\/10\/02\/cueva-la-seleccion-peruana-esta-preparada-para-afrontar-la-presion-existente\/","title":{"rendered":"Cueva: \u00abla selecci\u00f3n peruana est\u00e1 preparada para afrontar la presi\u00f3n existente\u00bb"},"content":{"rendered":"<p><strong><span style=\"color: #000000;\">El mediocampista peruano Christian Cueva lleg\u00f3 a Lima, procedente de Sao Paulo, y asegur\u00f3 que Per\u00fa saldr\u00e1 a La Bombonera a jugar de igual a igual ante Argentina.<\/span><\/strong><\/p>\n<p><span style=\"color: #000000;\"><strong>Lima, 02 Octubre 2017, (ANDINA).-<\/strong> El mediocampista peruano Christian Cueva lleg\u00f3 a Lima, procedente de Sao Paulo, y asegur\u00f3 que Per\u00fa saldr\u00e1 a La Bombonera a jugar de igual a igual ante Argentina y que el grupo se encuentra preparado para manejar la presi\u00f3n existente por ese crucial cotejo.<\/span><\/p>\n<p><span style=\"color: #000000;\">Cueva pis\u00f3 suelo peruano al promediar las 8:30 horas y a pesar que no jugar\u00e1 el partido ante Argentina, el pr\u00f3ximo jueves 5 de octubre en La Bombonera, se anim\u00f3 a precisar que el plantel se encuentra mentalmente fuerte para jugar de igual a igual ante su pr\u00f3ximo rival.<\/span><\/p>\n<p><span style=\"color: #000000;\">\u00abLo que tenemos que pensar es s\u00f3lo en hacer lo nuestro. Jugar como lo venimos haciendo y de seguro mejorar algunos aspectos. La idea del equipo es ir a Argentina a jugar de igual a igual como siempre lo hemos hecho\u00bb, dijo el futbolista, quien milita en las filas del Sao Paulo de Brasil.<\/span><\/p>\n<p><span style=\"color: #000000;\">Sobre la posibilidad de dejar a Lionel Messi sin el Mundial, Cueva asegur\u00f3 que ese es un tema irrelevante para la escuadra nacional porque ante todo est\u00e1 cristalizar el sue\u00f1o de poner nuevamente a Per\u00fa en una Copa del Mundo luego de 35 a\u00f1os.<\/span><\/p>\n<p><span style=\"color: #000000;\">\u00abLo que m\u00e1s nos importa es cristalizar nuestro sue\u00f1o y nada m\u00e1s\u00bb<\/span><\/p>\n<p><span style=\"color: #000000;\">En otro momento,precis\u00f3 que la selecci\u00f3n peruana no huye de la presi\u00f3n existente en torno al cotejo frente a los argentinos y que siempre han podido manejarla de la mejor manera.<\/span><\/p>\n<p><span style=\"color: #000000;\">\u00abEsto de la presi\u00f3n siempre hay en las eliminatorias, pero gracias a Dios hemos podio manejar de la mejor manera. Con el traspasar de los partidos que hicimos las cosas cada vez mejor. Hemos tenido errores, tropezones en el camino pero somos conscientes de que para alcanzar los objetivos es as\u00ed\u00bb, culmin\u00f3 el futbolista.<\/span><\/p>\n<p><span style=\"color: #000000;\">Christian Cueva no jugar\u00e1 ante Argentina por acumulaci\u00f3n de tarjetas amarillas y deber\u00e1 cumplir una fecha de suspensi\u00f3n. Su presencia ante el partido crucial ante Colombia, del 10 de octubre, est\u00e1 garantizada.<\/span><\/p>\n<p><img fetchpriority=\"high\" decoding=\"async\" class=\"aligncenter size-full wp-image-1727\" src=\"http:\/\/elinformanteperu.com\/wp-content\/uploads\/2016\/11\/peru-guerrero-cueva.jpg\" alt=\"\" width=\"1800\" height=\"1211\" srcset=\"https:\/\/elinformanteperu.com\/wp-content\/uploads\/2016\/11\/peru-guerrero-cueva.jpg 1800w, https:\/\/elinformanteperu.com\/wp-content\/uploads\/2016\/11\/peru-guerrero-cueva-300x202.jpg 300w, https:\/\/elinformanteperu.com\/wp-content\/uploads\/2016\/11\/peru-guerrero-cueva-768x517.jpg 768w, https:\/\/elinformanteperu.com\/wp-content\/uploads\/2016\/11\/peru-guerrero-cueva-1024x689.jpg 1024w, https:\/\/elinformanteperu.com\/wp-content\/uploads\/2016\/11\/peru-guerrero-cueva-128x86.jpg 128w, https:\/\/elinformanteperu.com\/wp-content\/uploads\/2016\/11\/peru-guerrero-cueva-32x22.jpg 32w\" sizes=\"(max-width: 1800px) 100vw, 1800px\" \/><\/p>\n","protected":false},"excerpt":{"rendered":"<p>El mediocampista peruano Christian Cueva lleg\u00f3 a Lima, procedente de Sao Paulo, y asegur\u00f3 que Per\u00fa saldr\u00e1 a La Bombonera a jugar de igual a igual ante Argentina. Lima, 02 Octubre 2017, (ANDINA).- El mediocampista peruano Christian Cueva lleg\u00f3 a Lima, procedente de Sao Paulo, y asegur\u00f3 que Per\u00fa saldr\u00e1 a La Bombonera a jugar [&hellip;]<\/p>\n","protected":false},"author":1,"featured_media":16487,"comment_status":"open","ping_status":"open","sticky":false,"template":"","format":"standard","meta":{"rop_custom_images_group":[],"rop_custom_messages_group":[],"rop_publish_now":"initial","rop_publish_now_accounts":[],"rop_publish_now_history":[],"rop_publish_now_status":"pending","footnotes":""},"categories":[8],"tags":[89,175,137],"class_list":["post-16486","post","type-post","status-publish","format-standard","has-post-thumbnail","hentry","category-disciplinas-deportivas","tag-christian-cueva","tag-eliminatorias","tag-seleccion-peruana"],"_links":{"self":[{"href":"https:\/\/elinformanteperu.com\/index.php\/wp-json\/wp\/v2\/posts\/16486","targetHints":{"allow":["GET"]}}],"collection":[{"href":"https:\/\/elinformanteperu.com\/index.php\/wp-json\/wp\/v2\/posts"}],"about":[{"href":"https:\/\/elinformanteperu.com\/index.php\/wp-json\/wp\/v2\/types\/post"}],"author":[{"embeddable":true,"href":"https:\/\/elinformanteperu.com\/index.php\/wp-json\/wp\/v2\/users\/1"}],"replies":[{"embeddable":true,"href":"https:\/\/elinformanteperu.com\/index.php\/wp-json\/wp\/v2\/comments?post=16486"}],"version-history":[{"count":1,"href":"https:\/\/elinformanteperu.com\/index.php\/wp-json\/wp\/v2\/posts\/16486\/revisions"}],"predecessor-version":[{"id":16488,"href":"https:\/\/elinformanteperu.com\/index.php\/wp-json\/wp\/v2\/posts\/16486\/revisions\/16488"}],"wp:featuredmedia":[{"embeddable":true,"href":"https:\/\/elinformanteperu.com\/index.php\/wp-json\/wp\/v2\/media\/16487"}],"wp:attachment":[{"href":"https:\/\/elinformanteperu.com\/index.php\/wp-json\/wp\/v2\/media?parent=16486"}],"wp:term":[{"taxonomy":"category","embeddable":true,"href":"https:\/\/elinformanteperu.com\/index.php\/wp-json\/wp\/v2\/categories?post=16486"},{"taxonomy":"post_tag","embeddable":true,"href":"https:\/\/elinformanteperu.com\/index.php\/wp-json\/wp\/v2\/tags?post=16486"}],"curies":[{"name":"wp","href":"https:\/\/api.w.org\/{rel}","templated":true}]}}