{"id":16476,"date":"2017-10-02T22:26:06","date_gmt":"2017-10-03T03:26:06","guid":{"rendered":"http:\/\/elinformanteperu.com\/?p=16476"},"modified":"2017-10-02T22:26:06","modified_gmt":"2017-10-03T03:26:06","slug":"jefferson-farfan-llegara-para-el-partido-ante-argentina-en-la-bombonera","status":"publish","type":"post","link":"https:\/\/elinformanteperu.com\/index.php\/2017\/10\/02\/jefferson-farfan-llegara-para-el-partido-ante-argentina-en-la-bombonera\/","title":{"rendered":"Jefferson Farf\u00e1n llegar\u00e1 para el partido ante Argentina en La Bombonera"},"content":{"rendered":"<p><strong><span style=\"color: #000000;\">La preocupaci\u00f3n por la presencia de Jefferson Farf\u00e1n en el partido ante Argentina se va diluyendo, luego de que los resultados de resonancia magn\u00e9tica realizada al jugador\u00a0 revelaron que su lesi\u00f3n no es de consideraci\u00f3n.<\/span><\/strong><\/p>\n<p><span style=\"color: #000000;\"><strong>Lima, 02 Octubre 2017, (ANDINA).-<\/strong> La preocupaci\u00f3n por la presencia de Jefferson Farf\u00e1n en el partido ante Argentina, el jueves 5, se va diluyendo poco a poco, luego de que los resultados de resonancia magn\u00e9tica realizada al jugador del Lokomotiv de Rusia revelaron que su lesi\u00f3n no es de consideraci\u00f3n y que en pocos d\u00edas desaparecer\u00e1 el dolor muscular.<\/span><\/p>\n<p><span style=\"color: #000000;\">El jugador lleg\u00f3 el s\u00e1bado, por la noche, procedente de Europa. Apenas pis\u00f3 suelo peruano, se puso a disposici\u00f3n del departamento m\u00e9dico de la selecci\u00f3n peruana. Ayer fue sometido a una resonancia magn\u00e9tica y los resultados fueron alentadores.<\/span><\/p>\n<p><span style=\"color: #000000;\">\u201cJefferson (Farf\u00e1n) viene de una fatiga muscular. Le hicimos unas pruebas y no arroj\u00f3 mayor gravedad, por lo cual va a manejar las cargas de trabajo con el preparador f\u00edsico. Esperemos que est\u00e9 recuperado para el partido al cien por ciento\u201d, dijo el m\u00e9dico de la Blanquirroja, Julio Segura.<\/span><\/p>\n<p><span style=\"color: #000000;\">Otro de los jugadores que caus\u00f3 preocupaci\u00f3n fue Ra\u00fal Ruid\u00edaz, quien acompa\u00f1\u00f3 a Farf\u00e1n a la cl\u00ednica. El jugador del Morelia se entren\u00f3 unos minutos en La Videna, pero el cuerpo t\u00e9cnico decidi\u00f3 no exponerlo a una lesi\u00f3n severa.<\/span><\/p>\n<p><span style=\"color: #000000;\">\u201cRuid\u00edaz tuvo una contusi\u00f3n en el pie. Est\u00e1 un poco con molestias, pero no es de gravedad. Lo vamos a manejar con la carga de trabajos en nuestro centro de rehabilitaci\u00f3n\u201d, agreg\u00f3 el m\u00e9dico de la Bicolor.<\/span><\/p>\n<p><span style=\"color: #000000;\">Por \u00faltimo, el galeno se\u00f1al\u00f3 que el defensa Alberto Rodr\u00edguez acusa una molestia muscular.<\/span><\/p>\n<p><span style=\"color: #000000;\">\u201cLe hicimos los ex\u00e1menes pertinentes, como una radiograf\u00eda, y no arrojaron lesi\u00f3n mayor. Est\u00e1 haciendo trabajo de campo. Esperemos que ma\u00f1ana (hoy) se integre totalmente a los entrenamientos\u201d, concluy\u00f3.<\/span><\/p>\n<p><img fetchpriority=\"high\" decoding=\"async\" class=\"aligncenter  wp-image-16477\" src=\"http:\/\/elinformanteperu.com\/wp-content\/uploads\/2017\/10\/farfan-resonancia.jpg\" alt=\"\" width=\"357\" height=\"446\" srcset=\"https:\/\/elinformanteperu.com\/wp-content\/uploads\/2017\/10\/farfan-resonancia.jpg 400w, https:\/\/elinformanteperu.com\/wp-content\/uploads\/2017\/10\/farfan-resonancia-240x300.jpg 240w, https:\/\/elinformanteperu.com\/wp-content\/uploads\/2017\/10\/farfan-resonancia-102x128.jpg 102w, https:\/\/elinformanteperu.com\/wp-content\/uploads\/2017\/10\/farfan-resonancia-26x32.jpg 26w\" sizes=\"(max-width: 357px) 100vw, 357px\" \/><\/p>\n","protected":false},"excerpt":{"rendered":"<p>La preocupaci\u00f3n por la presencia de Jefferson Farf\u00e1n en el partido ante Argentina se va diluyendo, luego de que los resultados de resonancia magn\u00e9tica realizada al jugador\u00a0 revelaron que su lesi\u00f3n no es de consideraci\u00f3n. Lima, 02 Octubre 2017, (ANDINA).- La preocupaci\u00f3n por la presencia de Jefferson Farf\u00e1n en el partido ante Argentina, el jueves [&hellip;]<\/p>\n","protected":false},"author":1,"featured_media":12935,"comment_status":"open","ping_status":"open","sticky":false,"template":"","format":"standard","meta":{"rop_custom_images_group":[],"rop_custom_messages_group":[],"rop_publish_now":"initial","rop_publish_now_accounts":[],"rop_publish_now_history":[],"rop_publish_now_status":"pending","footnotes":""},"categories":[8],"tags":[175,670,137],"class_list":["post-16476","post","type-post","status-publish","format-standard","has-post-thumbnail","hentry","category-disciplinas-deportivas","tag-eliminatorias","tag-jefferson-farfan","tag-seleccion-peruana"],"_links":{"self":[{"href":"https:\/\/elinformanteperu.com\/index.php\/wp-json\/wp\/v2\/posts\/16476","targetHints":{"allow":["GET"]}}],"collection":[{"href":"https:\/\/elinformanteperu.com\/index.php\/wp-json\/wp\/v2\/posts"}],"about":[{"href":"https:\/\/elinformanteperu.com\/index.php\/wp-json\/wp\/v2\/types\/post"}],"author":[{"embeddable":true,"href":"https:\/\/elinformanteperu.com\/index.php\/wp-json\/wp\/v2\/users\/1"}],"replies":[{"embeddable":true,"href":"https:\/\/elinformanteperu.com\/index.php\/wp-json\/wp\/v2\/comments?post=16476"}],"version-history":[{"count":1,"href":"https:\/\/elinformanteperu.com\/index.php\/wp-json\/wp\/v2\/posts\/16476\/revisions"}],"predecessor-version":[{"id":16478,"href":"https:\/\/elinformanteperu.com\/index.php\/wp-json\/wp\/v2\/posts\/16476\/revisions\/16478"}],"wp:featuredmedia":[{"embeddable":true,"href":"https:\/\/elinformanteperu.com\/index.php\/wp-json\/wp\/v2\/media\/12935"}],"wp:attachment":[{"href":"https:\/\/elinformanteperu.com\/index.php\/wp-json\/wp\/v2\/media?parent=16476"}],"wp:term":[{"taxonomy":"category","embeddable":true,"href":"https:\/\/elinformanteperu.com\/index.php\/wp-json\/wp\/v2\/categories?post=16476"},{"taxonomy":"post_tag","embeddable":true,"href":"https:\/\/elinformanteperu.com\/index.php\/wp-json\/wp\/v2\/tags?post=16476"}],"curies":[{"name":"wp","href":"https:\/\/api.w.org\/{rel}","templated":true}]}}