{"id":16317,"date":"2017-09-28T01:21:22","date_gmt":"2017-09-28T06:21:22","guid":{"rendered":"http:\/\/elinformanteperu.com\/?p=16317"},"modified":"2017-09-28T01:21:22","modified_gmt":"2017-09-28T06:21:22","slug":"visita-del-papa-francisco-debe-ser-una-fiesta-y-motivo-de-unidad-dice-galarreta","status":"publish","type":"post","link":"https:\/\/elinformanteperu.com\/index.php\/2017\/09\/28\/visita-del-papa-francisco-debe-ser-una-fiesta-y-motivo-de-unidad-dice-galarreta\/","title":{"rendered":"Visita del papa Francisco debe ser una fiesta y motivo de unidad, dice Galarreta"},"content":{"rendered":"<p><strong><span style=\"color: #000000;\">La visita del papa Francisco debe ser motivo de fiesta y unidad para todos los peruanos, y no generar discusiones, sostuvo el presidente del Congreso, Luis Galarreta.<\/span><\/strong><\/p>\n<p><span style=\"color: #000000;\"><strong>Lima, 27 Setiembre 2017, (ANDINA).-<\/strong> La pr\u00f3xima visita del papa Francisco, prevista para enero de 2018, debe ser motivo de fiesta y unidad para todos los peruanos, y no generar discusiones, se\u00f1al\u00f3 el titular del Congreso, Luis Galarreta.<\/span><\/p>\n<p><span style=\"color: #000000;\">\u201cDebe ser enfocado desde ahora en una fiesta para quienes somos creyentes y para el pueblo peruano en general\u201d, se\u00f1al\u00f3 en conferencia de prensa junto a delegaci\u00f3n encargada de visita del Papa.<\/span><\/p>\n<p><span style=\"color: #000000;\">Galarreta formul\u00f3 un llamado al Ejecutivo y a la sociedad en general, a fin de que el lugar donde el m\u00e1ximo representante de la iglesia cat\u00f3lica oficiar\u00e1 una misa en Lima no sea motivo de discusiones.<\/span><\/p>\n<p><span style=\"color: #000000;\">Opin\u00f3, en ese sentido, que corresponde a la Iglesia organizar esta actividad religiosa con los permisos respectivos.<\/span><\/p>\n<p><span style=\"color: #000000;\">\u201cHay que dejar a la Iglesia con la organizaci\u00f3n y que todo sea unidad, una fiesta para la venida del papa\u201d, a\u00f1adi\u00f3.<\/span><\/p>\n<p><span style=\"color: #000000;\">Galarreta Velarde inform\u00f3 que ayer envi\u00f3 un oficio al Ministro de Trabajo, Alfonso Grados, en su condici\u00f3n de Coordinador Nacional para la organizaci\u00f3n de la visita del papa, donde le solicita un informe detallado al respecto.<\/span><\/p>\n<p><span style=\"color: #000000;\">\u201cHabi\u00e9ndose difundido un supuesto cambio de la sede de la misa de clausura de la vista por voceros no autorizados he solicitado un informe detallado sobre los argumentos t\u00e9cnicos y los estudios que sustenten el cambio de sede ya anunciada en conferencia de prensa y aprobado por el Vaticano\u201d, dijo.<\/span><\/p>\n<p><span style=\"color: #000000;\">Refiri\u00f3, adem\u00e1s, que estar\u00e1 atento a esta situaci\u00f3n generada por el Ejecutivo en un tema que le compete \u00fanicamente a la Iglesia Cat\u00f3lica porque observ\u00f3 que no se puede generar una situaci\u00f3n innecesaria en lo que debe ser una fiesta nacional.<\/span><\/p>\n<p><span style=\"color: #000000;\">\u201cNo podemos dar este ejemplo de descoordinaci\u00f3n, debemos tener conceptos claros y respaldar el trabajo que vienen desplegando los alcaldes de San Miguel y Magdalena en la Costa Verde, previa autorizaci\u00f3n del Vaticano\u201d, remarc\u00f3.<\/span><\/p>\n<p><span style=\"color: #000000;\">Jorge del \u00c1guila, encargado de seguridad de esta comisi\u00f3n, indic\u00f3 que la gran misa en Lima deber\u00eda realizarse en la Costa Verde, escenario que, seg\u00fan dijo, cuentan con informe positivo del Instituto Nacional de Defensa Civil (INDECI).<\/span><\/p>\n<p><span style=\"color: #000000;\">Mencion\u00f3 que en este lugar se realizaron con normalidad dos marchas Por la Vida, actividad que convoc\u00f3 a m\u00e1s de 800 mil personas.<\/span><\/p>\n<p><span style=\"color: #000000;\">La semana pasada, el papa Francisco recibi\u00f3 en audiencia privada en el Palacio Apost\u00f3lico del Vaticano al presidente de la Rep\u00fablica, Pedro Pablo Kuczynski.<\/span><\/p>\n<p><span style=\"color: #000000;\">Durante el encuentro, que tuvo lugar en la biblioteca privada del papa, el Jefe del Estado lo invit\u00f3 formalmente a realizar una visita apost\u00f3lica al Per\u00fa, del 18 al 21 de enero del 2018.<\/span><\/p>\n","protected":false},"excerpt":{"rendered":"<p>La visita del papa Francisco debe ser motivo de fiesta y unidad para todos los peruanos, y no generar discusiones, sostuvo el presidente del Congreso, Luis Galarreta. Lima, 27 Setiembre 2017, (ANDINA).- La pr\u00f3xima visita del papa Francisco, prevista para enero de 2018, debe ser motivo de fiesta y unidad para todos los peruanos, y [&hellip;]<\/p>\n","protected":false},"author":1,"featured_media":10717,"comment_status":"open","ping_status":"open","sticky":false,"template":"","format":"standard","meta":{"rop_custom_images_group":[],"rop_custom_messages_group":[],"rop_publish_now":"initial","rop_publish_now_accounts":[],"rop_publish_now_history":[],"rop_publish_now_status":"pending","footnotes":""},"categories":[5],"tags":[192,382],"class_list":["post-16317","post","type-post","status-publish","format-standard","has-post-thumbnail","hentry","category-actualidad-informativa","tag-congreso","tag-luis-galarreta"],"_links":{"self":[{"href":"https:\/\/elinformanteperu.com\/index.php\/wp-json\/wp\/v2\/posts\/16317","targetHints":{"allow":["GET"]}}],"collection":[{"href":"https:\/\/elinformanteperu.com\/index.php\/wp-json\/wp\/v2\/posts"}],"about":[{"href":"https:\/\/elinformanteperu.com\/index.php\/wp-json\/wp\/v2\/types\/post"}],"author":[{"embeddable":true,"href":"https:\/\/elinformanteperu.com\/index.php\/wp-json\/wp\/v2\/users\/1"}],"replies":[{"embeddable":true,"href":"https:\/\/elinformanteperu.com\/index.php\/wp-json\/wp\/v2\/comments?post=16317"}],"version-history":[{"count":1,"href":"https:\/\/elinformanteperu.com\/index.php\/wp-json\/wp\/v2\/posts\/16317\/revisions"}],"predecessor-version":[{"id":16318,"href":"https:\/\/elinformanteperu.com\/index.php\/wp-json\/wp\/v2\/posts\/16317\/revisions\/16318"}],"wp:featuredmedia":[{"embeddable":true,"href":"https:\/\/elinformanteperu.com\/index.php\/wp-json\/wp\/v2\/media\/10717"}],"wp:attachment":[{"href":"https:\/\/elinformanteperu.com\/index.php\/wp-json\/wp\/v2\/media?parent=16317"}],"wp:term":[{"taxonomy":"category","embeddable":true,"href":"https:\/\/elinformanteperu.com\/index.php\/wp-json\/wp\/v2\/categories?post=16317"},{"taxonomy":"post_tag","embeddable":true,"href":"https:\/\/elinformanteperu.com\/index.php\/wp-json\/wp\/v2\/tags?post=16317"}],"curies":[{"name":"wp","href":"https:\/\/api.w.org\/{rel}","templated":true}]}}