{"id":16073,"date":"2017-09-21T23:19:16","date_gmt":"2017-09-22T04:19:16","guid":{"rendered":"http:\/\/elinformanteperu.com\/?p=16073"},"modified":"2017-09-21T23:19:16","modified_gmt":"2017-09-22T04:19:16","slug":"mas-de-140000-docentes-concursan-este-domingo-para-ascender-en-la-escala-magisterial","status":"publish","type":"post","link":"https:\/\/elinformanteperu.com\/index.php\/2017\/09\/21\/mas-de-140000-docentes-concursan-este-domingo-para-ascender-en-la-escala-magisterial\/","title":{"rendered":"M\u00e1s de 140,000 docentes concursan este domingo para ascender en la escala magisterial"},"content":{"rendered":"<p><strong><span style=\"color: #000000;\">Un total de 148,737 docentes participar\u00e1n este domingo 24 en el concurso de ascenso en la escala magisterial, organizado por el Ministerio de Educaci\u00f3n (Minedu).<\/span><\/strong><\/p>\n<p><span style=\"color: #000000;\"><strong>Lima, 21 Setiembre 2017, (ANDINA).-<\/strong> Un total de 148,737 docentes participar\u00e1n este domingo 24 en el concurso de ascenso en la escala magisterial, organizado por el Ministerio de Educaci\u00f3n (Minedu) para impulsar el desarrollo profesional y la mejora salarial en funci\u00f3n de la meritocracia.<\/span><\/p>\n<p><span style=\"color: #000000;\">El ministro Idel Vexler inform\u00f3 que est\u00e1n disponibles 27,963 plazas y que el Minedu ha implementado 186 locales en todo el pa\u00eds para esta Prueba \u00danica Nacional.<\/span><\/p>\n<p><span style=\"color: #000000;\">\u201cLa reforma magisterial est\u00e1 en marcha. Los maestros deben ver en la Carrera P\u00fablica Magisterial un horizonte de realizaci\u00f3n, de reconocimiento de m\u00e9ritos y de mejoras en sus remuneraciones\u201d, afirm\u00f3.<\/span><\/p>\n<p><span style=\"color: #000000;\">El titular de Educaci\u00f3n exhort\u00f3 a sus colegas profesores de todas las regiones a acudir puntualmente a rendir esta prueba, que busca \u201cfortalecer la profesi\u00f3n docente, mejorar la calidad de los aprendizajes de los alumnos y mejorar la escuela p\u00fablica\u201d.<\/span><\/p>\n<p><span style=\"color: #000000;\">Lima Metropolitana es la regi\u00f3n que cuenta con el mayor n\u00famero de plazas (3,350), seguida de Cajamarca (2,259), Puno (1,809) y Loreto (1,741).<\/span><\/p>\n<p><span style=\"color: #000000;\">Las vacantes disponibles aseguran un criterio de justicia por regi\u00f3n y grupo de competencia para que se logre un nivel de competici\u00f3n similar de forma transversal en todo el pa\u00eds. El 31 % y el 34 % de los postulantes pertenecen a la primera y segunda escala magisterial, respectivamente.<\/span><\/p>\n<p><span style=\"color: #000000;\">La prueba tiene 80 preguntas y una duraci\u00f3n de cuatro horas y media. El ingreso ser\u00e1 de 07:00 a 08:00 horas., por lo que se pide a los postulantes que asistan puntualmente portando solo su DNI o carnet de extranjer\u00eda.<\/span><\/p>\n<p><span style=\"color: #000000;\">Los profesores que superen los puntajes m\u00ednimos requeridos de acuerdo a la escala a la que postulan pasar\u00e1n a la etapa descentralizada del concurso, que se desarrollar\u00e1 entre el 26 de octubre y el 20 de noviembre de este a\u00f1o.<\/span><\/p>\n<p><span style=\"color: #000000;\">En esa segunda etapa, la trayectoria profesional de cada docente ser\u00e1 evaluada por un comit\u00e9 especial de la Unidad de Gesti\u00f3n Educativa Local (UGEL).<\/span><\/p>\n<p><span style=\"color: #000000;\">Los resultados finales del concurso de ascenso ser\u00e1n publicados el 18 de diciembre. Para m\u00e1s informaci\u00f3n, los profesores pueden visitar la p\u00e1gina web <strong>www.minedu.gob.pe\/evaluaciondocente<\/strong> o comunicarse a la l\u00ednea de atenci\u00f3n al postulante (01) 615-5887, de lunes a viernes de 08:30 a 17:30 horas.<\/span><\/p>\n","protected":false},"excerpt":{"rendered":"<p>Un total de 148,737 docentes participar\u00e1n este domingo 24 en el concurso de ascenso en la escala magisterial, organizado por el Ministerio de Educaci\u00f3n (Minedu). Lima, 21 Setiembre 2017, (ANDINA).- Un total de 148,737 docentes participar\u00e1n este domingo 24 en el concurso de ascenso en la escala magisterial, organizado por el Ministerio de Educaci\u00f3n (Minedu) [&hellip;]<\/p>\n","protected":false},"author":1,"featured_media":16074,"comment_status":"open","ping_status":"open","sticky":false,"template":"","format":"standard","meta":{"rop_custom_images_group":[],"rop_custom_messages_group":[],"rop_publish_now":"initial","rop_publish_now_accounts":[],"rop_publish_now_history":[],"rop_publish_now_status":"pending","footnotes":""},"categories":[5],"tags":[2192,328],"class_list":["post-16073","post","type-post","status-publish","format-standard","has-post-thumbnail","hentry","category-actualidad-informativa","tag-idel-vexler","tag-ministerio-de-de-educacion"],"_links":{"self":[{"href":"https:\/\/elinformanteperu.com\/index.php\/wp-json\/wp\/v2\/posts\/16073","targetHints":{"allow":["GET"]}}],"collection":[{"href":"https:\/\/elinformanteperu.com\/index.php\/wp-json\/wp\/v2\/posts"}],"about":[{"href":"https:\/\/elinformanteperu.com\/index.php\/wp-json\/wp\/v2\/types\/post"}],"author":[{"embeddable":true,"href":"https:\/\/elinformanteperu.com\/index.php\/wp-json\/wp\/v2\/users\/1"}],"replies":[{"embeddable":true,"href":"https:\/\/elinformanteperu.com\/index.php\/wp-json\/wp\/v2\/comments?post=16073"}],"version-history":[{"count":1,"href":"https:\/\/elinformanteperu.com\/index.php\/wp-json\/wp\/v2\/posts\/16073\/revisions"}],"predecessor-version":[{"id":16075,"href":"https:\/\/elinformanteperu.com\/index.php\/wp-json\/wp\/v2\/posts\/16073\/revisions\/16075"}],"wp:featuredmedia":[{"embeddable":true,"href":"https:\/\/elinformanteperu.com\/index.php\/wp-json\/wp\/v2\/media\/16074"}],"wp:attachment":[{"href":"https:\/\/elinformanteperu.com\/index.php\/wp-json\/wp\/v2\/media?parent=16073"}],"wp:term":[{"taxonomy":"category","embeddable":true,"href":"https:\/\/elinformanteperu.com\/index.php\/wp-json\/wp\/v2\/categories?post=16073"},{"taxonomy":"post_tag","embeddable":true,"href":"https:\/\/elinformanteperu.com\/index.php\/wp-json\/wp\/v2\/tags?post=16073"}],"curies":[{"name":"wp","href":"https:\/\/api.w.org\/{rel}","templated":true}]}}