{"id":16033,"date":"2017-09-21T00:13:52","date_gmt":"2017-09-21T05:13:52","guid":{"rendered":"http:\/\/elinformanteperu.com\/?p=16033"},"modified":"2017-09-21T00:13:52","modified_gmt":"2017-09-21T05:13:52","slug":"artistas-asistieron-al-velatorio-de-humberto-cavero","status":"publish","type":"post","link":"https:\/\/elinformanteperu.com\/index.php\/2017\/09\/21\/artistas-asistieron-al-velatorio-de-humberto-cavero\/","title":{"rendered":"Artistas asistieron al velatorio de Humberto Cavero"},"content":{"rendered":"<p><strong><span style=\"color: #000000;\">El cuerpo del actor Humberto Cavero fue velado en una de las salas del Museo de la Naci\u00f3n, acompa\u00f1ado por su familia y el gremio de actores y admiradores.<\/span><\/strong><\/p>\n<p><span style=\"color: #000000;\"><strong>Lima, 20 Setiembre 2017, (ANDINA).-<\/strong> El cuerpo del actor Humberto Cavero fue velado en una de las salas del Museo de la Naci\u00f3n, acompa\u00f1ado por su familia y el gremio de actores y admiradores que, apenados por su partida, no cesan de resaltar las cualidades actorales de la fenecida figura.<\/span><\/p>\n<p><span style=\"color: #000000;\">As\u00ed llegaron hasta el Museo de la Naci\u00f3n personajes como Carlos Gassols, considerado primer actor nacional, quien hace poco sufri\u00f3 la p\u00e9rdida de su esposa, la tambi\u00e9n actriz Hertha C\u00e1rdenas.<\/span><\/p>\n<p><img fetchpriority=\"high\" decoding=\"async\" class=\"aligncenter size-full wp-image-16034\" src=\"http:\/\/elinformanteperu.com\/wp-content\/uploads\/2017\/09\/humberto-cavero-velatorio1.jpg\" alt=\"\" width=\"1800\" height=\"1212\" srcset=\"https:\/\/elinformanteperu.com\/wp-content\/uploads\/2017\/09\/humberto-cavero-velatorio1.jpg 1800w, https:\/\/elinformanteperu.com\/wp-content\/uploads\/2017\/09\/humberto-cavero-velatorio1-300x202.jpg 300w, https:\/\/elinformanteperu.com\/wp-content\/uploads\/2017\/09\/humberto-cavero-velatorio1-768x517.jpg 768w, https:\/\/elinformanteperu.com\/wp-content\/uploads\/2017\/09\/humberto-cavero-velatorio1-1024x689.jpg 1024w, https:\/\/elinformanteperu.com\/wp-content\/uploads\/2017\/09\/humberto-cavero-velatorio1-128x86.jpg 128w, https:\/\/elinformanteperu.com\/wp-content\/uploads\/2017\/09\/humberto-cavero-velatorio1-32x22.jpg 32w\" sizes=\"(max-width: 1800px) 100vw, 1800px\" \/><span style=\"color: #000000;\">Se hizo presente, igualmente, Osvaldo Cattone, junto a Eva Alcandr\u00e9 y Chalo Gambino.<\/span><\/p>\n<p><span style=\"color: #000000;\">Eduardo Cesti, en silla de ruedas, no dud\u00f3 en acudir a dar el \u00faltimo adi\u00f3s a su compa\u00f1ero de tablas.<\/span><\/p>\n<p><span style=\"color: #000000;\">La actriz Hayd\u00e9e C\u00e1ceres se mantuvo en todo momento en el velatorio, profundamente afectada, pero confortada por el amor y el respeto de la comunidad actoral<\/span>.<\/p>\n<p><img decoding=\"async\" class=\"aligncenter size-full wp-image-16035\" src=\"http:\/\/elinformanteperu.com\/wp-content\/uploads\/2017\/09\/humberto-cavero-velatorio2.jpg\" alt=\"\" width=\"500\" height=\"337\" srcset=\"https:\/\/elinformanteperu.com\/wp-content\/uploads\/2017\/09\/humberto-cavero-velatorio2.jpg 500w, https:\/\/elinformanteperu.com\/wp-content\/uploads\/2017\/09\/humberto-cavero-velatorio2-300x202.jpg 300w, https:\/\/elinformanteperu.com\/wp-content\/uploads\/2017\/09\/humberto-cavero-velatorio2-128x86.jpg 128w, https:\/\/elinformanteperu.com\/wp-content\/uploads\/2017\/09\/humberto-cavero-velatorio2-32x22.jpg 32w\" sizes=\"(max-width: 500px) 100vw, 500px\" \/><\/p>\n","protected":false},"excerpt":{"rendered":"<p>El cuerpo del actor Humberto Cavero fue velado en una de las salas del Museo de la Naci\u00f3n, acompa\u00f1ado por su familia y el gremio de actores y admiradores. Lima, 20 Setiembre 2017, (ANDINA).- El cuerpo del actor Humberto Cavero fue velado en una de las salas del Museo de la Naci\u00f3n, acompa\u00f1ado por su [&hellip;]<\/p>\n","protected":false},"author":1,"featured_media":16036,"comment_status":"open","ping_status":"open","sticky":false,"template":"","format":"standard","meta":{"rop_custom_images_group":[],"rop_custom_messages_group":[],"rop_publish_now":"initial","rop_publish_now_accounts":[],"rop_publish_now_history":[],"rop_publish_now_status":"pending","footnotes":""},"categories":[70],"tags":[2179],"class_list":["post-16033","post","type-post","status-publish","format-standard","has-post-thumbnail","hentry","category-farandula","tag-humberto-cavero"],"_links":{"self":[{"href":"https:\/\/elinformanteperu.com\/index.php\/wp-json\/wp\/v2\/posts\/16033","targetHints":{"allow":["GET"]}}],"collection":[{"href":"https:\/\/elinformanteperu.com\/index.php\/wp-json\/wp\/v2\/posts"}],"about":[{"href":"https:\/\/elinformanteperu.com\/index.php\/wp-json\/wp\/v2\/types\/post"}],"author":[{"embeddable":true,"href":"https:\/\/elinformanteperu.com\/index.php\/wp-json\/wp\/v2\/users\/1"}],"replies":[{"embeddable":true,"href":"https:\/\/elinformanteperu.com\/index.php\/wp-json\/wp\/v2\/comments?post=16033"}],"version-history":[{"count":1,"href":"https:\/\/elinformanteperu.com\/index.php\/wp-json\/wp\/v2\/posts\/16033\/revisions"}],"predecessor-version":[{"id":16037,"href":"https:\/\/elinformanteperu.com\/index.php\/wp-json\/wp\/v2\/posts\/16033\/revisions\/16037"}],"wp:featuredmedia":[{"embeddable":true,"href":"https:\/\/elinformanteperu.com\/index.php\/wp-json\/wp\/v2\/media\/16036"}],"wp:attachment":[{"href":"https:\/\/elinformanteperu.com\/index.php\/wp-json\/wp\/v2\/media?parent=16033"}],"wp:term":[{"taxonomy":"category","embeddable":true,"href":"https:\/\/elinformanteperu.com\/index.php\/wp-json\/wp\/v2\/categories?post=16033"},{"taxonomy":"post_tag","embeddable":true,"href":"https:\/\/elinformanteperu.com\/index.php\/wp-json\/wp\/v2\/tags?post=16033"}],"curies":[{"name":"wp","href":"https:\/\/api.w.org\/{rel}","templated":true}]}}