{"id":16026,"date":"2017-09-21T00:06:15","date_gmt":"2017-09-21T05:06:15","guid":{"rendered":"http:\/\/elinformanteperu.com\/?p=16026"},"modified":"2017-09-21T00:06:15","modified_gmt":"2017-09-21T05:06:15","slug":"figuras-mexicanas-se-pronuncian-en-redes-sobre-el-terremoto","status":"publish","type":"post","link":"https:\/\/elinformanteperu.com\/index.php\/2017\/09\/21\/figuras-mexicanas-se-pronuncian-en-redes-sobre-el-terremoto\/","title":{"rendered":"Figuras mexicanas se pronuncian en redes sobre el terremoto"},"content":{"rendered":"<p><strong><span style=\"color: #000000;\">Diversas figuras del ambiente art\u00edstico mexicano expresaron su pesar y preocupaci\u00f3n por los terribles momentos vividos con el terremoto ayer en M\u00e9xico.<\/span><\/strong><\/p>\n<p><span style=\"color: #000000;\"><strong>Lima, 20 Setiembre 2017, (ANDINA).-<\/strong> El querido actor mexicano Edgar Vivar se pronunci\u00f3 en redes sociales ante los terribles momentos vividos con el terremoto que se dio en el hermano pa\u00eds de M\u00e9xico.<\/span><\/p>\n<p><span style=\"color: #000000;\">\u00abMi recuerdo del &#8217;85 se revive hace unos minutos. Muy intenso y largo sismo estremece mi ciudad, sin electricidad ni agua\u00bb, escribe el actor, quien vivi\u00f3 hace 30 a\u00f1os atr\u00e1s un devastador terremoto.<\/span><\/p>\n<p><img fetchpriority=\"high\" decoding=\"async\" class=\"aligncenter size-full wp-image-16027\" src=\"http:\/\/elinformanteperu.com\/wp-content\/uploads\/2017\/09\/tweet-vivar-terremoto.png\" alt=\"\" width=\"491\" height=\"183\" srcset=\"https:\/\/elinformanteperu.com\/wp-content\/uploads\/2017\/09\/tweet-vivar-terremoto.png 491w, https:\/\/elinformanteperu.com\/wp-content\/uploads\/2017\/09\/tweet-vivar-terremoto-300x112.png 300w, https:\/\/elinformanteperu.com\/wp-content\/uploads\/2017\/09\/tweet-vivar-terremoto-128x48.png 128w, https:\/\/elinformanteperu.com\/wp-content\/uploads\/2017\/09\/tweet-vivar-terremoto-32x12.png 32w\" sizes=\"(max-width: 491px) 100vw, 491px\" \/><span style=\"color: #000000;\">Otra figura mexicana que vivi\u00f3 tensos momentos ni bien se conoci\u00f3 la noticia fue Adal Ramones, quien se encuentra de paso en Lima promocionando una cinta peruana donde justamente \u00e9l participa.<\/span><\/p>\n<p><span style=\"color: #000000;\">El mostr\u00f3 su angustia a trav\u00e9s d elas redes pues en los primeros momentosno lograba comunicarse con sus familiares y amigos m\u00e1s cercanos.<\/span><\/p>\n<p><span style=\"color: #000000;\">Afortunadamente para \u00e9l logr\u00f3 hacerlo y as\u00ed poste\u00f3 un tweet ya m\u00e1s tranquilo.<\/span><\/p>\n<p><img decoding=\"async\" class=\"aligncenter size-full wp-image-16028\" src=\"http:\/\/elinformanteperu.com\/wp-content\/uploads\/2017\/09\/tweet-adal-terremoto.jpg\" alt=\"\" width=\"495\" height=\"280\" srcset=\"https:\/\/elinformanteperu.com\/wp-content\/uploads\/2017\/09\/tweet-adal-terremoto.jpg 495w, https:\/\/elinformanteperu.com\/wp-content\/uploads\/2017\/09\/tweet-adal-terremoto-300x170.jpg 300w, https:\/\/elinformanteperu.com\/wp-content\/uploads\/2017\/09\/tweet-adal-terremoto-128x72.jpg 128w, https:\/\/elinformanteperu.com\/wp-content\/uploads\/2017\/09\/tweet-adal-terremoto-32x18.jpg 32w\" sizes=\"(max-width: 495px) 100vw, 495px\" \/><span style=\"color: #000000;\">El int\u00e9rprete Alejandro Fern\u00e1ndez tambi\u00e9n se pronunci\u00f3 con este tweet.<\/span><\/p>\n<p><img decoding=\"async\" class=\"aligncenter size-full wp-image-16029\" src=\"http:\/\/elinformanteperu.com\/wp-content\/uploads\/2017\/09\/tweet-fernandez-terremoto.jpg\" alt=\"\" width=\"498\" height=\"206\" srcset=\"https:\/\/elinformanteperu.com\/wp-content\/uploads\/2017\/09\/tweet-fernandez-terremoto.jpg 498w, https:\/\/elinformanteperu.com\/wp-content\/uploads\/2017\/09\/tweet-fernandez-terremoto-300x124.jpg 300w, https:\/\/elinformanteperu.com\/wp-content\/uploads\/2017\/09\/tweet-fernandez-terremoto-128x53.jpg 128w, https:\/\/elinformanteperu.com\/wp-content\/uploads\/2017\/09\/tweet-fernandez-terremoto-32x13.jpg 32w\" sizes=\"(max-width: 498px) 100vw, 498px\" \/><span style=\"color: #000000;\">La actriz Edith Gonz\u00e1lez y conocida hero\u00edna de las telenovelas mexicanas se anim\u00f3 a brindar recomendaciones a trav\u00e9s de su Twitter.<\/span><\/p>\n<p><img loading=\"lazy\" decoding=\"async\" class=\"aligncenter size-full wp-image-16030\" src=\"http:\/\/elinformanteperu.com\/wp-content\/uploads\/2017\/09\/tweet-edith-terremoto.png\" alt=\"\" width=\"495\" height=\"202\" srcset=\"https:\/\/elinformanteperu.com\/wp-content\/uploads\/2017\/09\/tweet-edith-terremoto.png 495w, https:\/\/elinformanteperu.com\/wp-content\/uploads\/2017\/09\/tweet-edith-terremoto-300x122.png 300w, https:\/\/elinformanteperu.com\/wp-content\/uploads\/2017\/09\/tweet-edith-terremoto-128x52.png 128w, https:\/\/elinformanteperu.com\/wp-content\/uploads\/2017\/09\/tweet-edith-terremoto-32x13.png 32w\" sizes=\"(max-width: 495px) 100vw, 495px\" \/><\/p>\n","protected":false},"excerpt":{"rendered":"<p>Diversas figuras del ambiente art\u00edstico mexicano expresaron su pesar y preocupaci\u00f3n por los terribles momentos vividos con el terremoto ayer en M\u00e9xico. Lima, 20 Setiembre 2017, (ANDINA).- El querido actor mexicano Edgar Vivar se pronunci\u00f3 en redes sociales ante los terribles momentos vividos con el terremoto que se dio en el hermano pa\u00eds de M\u00e9xico. [&hellip;]<\/p>\n","protected":false},"author":1,"featured_media":16031,"comment_status":"open","ping_status":"open","sticky":false,"template":"","format":"standard","meta":{"rop_custom_images_group":[],"rop_custom_messages_group":[],"rop_publish_now":"initial","rop_publish_now_accounts":[],"rop_publish_now_history":[],"rop_publish_now_status":"pending","footnotes":""},"categories":[70],"tags":[2178,148,351],"class_list":["post-16026","post","type-post","status-publish","format-standard","has-post-thumbnail","hentry","category-farandula","tag-embajada-de-mexico","tag-indeci","tag-mexico"],"_links":{"self":[{"href":"https:\/\/elinformanteperu.com\/index.php\/wp-json\/wp\/v2\/posts\/16026","targetHints":{"allow":["GET"]}}],"collection":[{"href":"https:\/\/elinformanteperu.com\/index.php\/wp-json\/wp\/v2\/posts"}],"about":[{"href":"https:\/\/elinformanteperu.com\/index.php\/wp-json\/wp\/v2\/types\/post"}],"author":[{"embeddable":true,"href":"https:\/\/elinformanteperu.com\/index.php\/wp-json\/wp\/v2\/users\/1"}],"replies":[{"embeddable":true,"href":"https:\/\/elinformanteperu.com\/index.php\/wp-json\/wp\/v2\/comments?post=16026"}],"version-history":[{"count":1,"href":"https:\/\/elinformanteperu.com\/index.php\/wp-json\/wp\/v2\/posts\/16026\/revisions"}],"predecessor-version":[{"id":16032,"href":"https:\/\/elinformanteperu.com\/index.php\/wp-json\/wp\/v2\/posts\/16026\/revisions\/16032"}],"wp:featuredmedia":[{"embeddable":true,"href":"https:\/\/elinformanteperu.com\/index.php\/wp-json\/wp\/v2\/media\/16031"}],"wp:attachment":[{"href":"https:\/\/elinformanteperu.com\/index.php\/wp-json\/wp\/v2\/media?parent=16026"}],"wp:term":[{"taxonomy":"category","embeddable":true,"href":"https:\/\/elinformanteperu.com\/index.php\/wp-json\/wp\/v2\/categories?post=16026"},{"taxonomy":"post_tag","embeddable":true,"href":"https:\/\/elinformanteperu.com\/index.php\/wp-json\/wp\/v2\/tags?post=16026"}],"curies":[{"name":"wp","href":"https:\/\/api.w.org\/{rel}","templated":true}]}}