{"id":16021,"date":"2017-09-20T23:51:50","date_gmt":"2017-09-21T04:51:50","guid":{"rendered":"http:\/\/elinformanteperu.com\/?p=16021"},"modified":"2017-09-20T23:51:50","modified_gmt":"2017-09-21T04:51:50","slug":"mira-aqui-como-sera-locos-de-amor-2","status":"publish","type":"post","link":"https:\/\/elinformanteperu.com\/index.php\/2017\/09\/20\/mira-aqui-como-sera-locos-de-amor-2\/","title":{"rendered":"Mira aqu\u00ed c\u00f3mo ser\u00e1 \u00abLocos de Amor 2\u00bb"},"content":{"rendered":"<p><strong><span style=\"color: #000000;\">Tras cinco semanas de grabaci\u00f3n se culmin\u00f3 el rodaje de la segunda parte de la taquillera cinta Locos de Amor 2, producci\u00f3n nacional que fue la m\u00e1s vista en el 2016.<\/span><\/strong><\/p>\n<p><span style=\"color: #000000;\"><strong>Lima, 20 Setiembre 2017, (ANDINA).-<\/strong> Tras cinco semanas de grabaci\u00f3n se culmin\u00f3 el rodaje de la segunda parte de la taquillera cinta Locos de Amor 2, producci\u00f3n nacional que fue la m\u00e1s vista en el 2016.<\/span><\/p>\n<p><span style=\"color: #000000;\">\u201cLocos de Amor 2\u201d se grab\u00f3 en diferentes distritos de Lima y Callao como por ejemplo Miraflores, Magdalena, Los Olivos y La Punta.<\/span><\/p>\n<p><span style=\"color: #000000;\">El gui\u00f3n estuvo nuevamente a cargo de Bruno Ascenzo y Mariana Silva; y de igual manera, Frank Perez Garland se mantuvo en la direcci\u00f3n y Manolo Barrios en la direcci\u00f3n musical.<\/span><\/p>\n<p><img fetchpriority=\"high\" decoding=\"async\" class=\"aligncenter size-full wp-image-16023\" src=\"http:\/\/elinformanteperu.com\/wp-content\/uploads\/2017\/09\/locos-de-amor-2-2.jpg\" alt=\"\" width=\"1800\" height=\"1199\" srcset=\"https:\/\/elinformanteperu.com\/wp-content\/uploads\/2017\/09\/locos-de-amor-2-2.jpg 1800w, https:\/\/elinformanteperu.com\/wp-content\/uploads\/2017\/09\/locos-de-amor-2-2-300x200.jpg 300w, https:\/\/elinformanteperu.com\/wp-content\/uploads\/2017\/09\/locos-de-amor-2-2-768x512.jpg 768w, https:\/\/elinformanteperu.com\/wp-content\/uploads\/2017\/09\/locos-de-amor-2-2-1024x682.jpg 1024w, https:\/\/elinformanteperu.com\/wp-content\/uploads\/2017\/09\/locos-de-amor-2-2-128x85.jpg 128w, https:\/\/elinformanteperu.com\/wp-content\/uploads\/2017\/09\/locos-de-amor-2-2-32x21.jpg 32w\" sizes=\"(max-width: 1800px) 100vw, 1800px\" \/><span style=\"color: #000000;\">El elenco de Locos de Amor 2, est\u00e1 encabezado por Marco Zunino, \u00c9rika Villalobos, Carlos Alc\u00e1ntara, Vanessa Saba, Wendy Ramos, Johana San Miguel, Paul Vega, Bruno Ascenzo; y adem\u00e1s el actor internacional Juli\u00e1n Gil.<\/span><\/p>\n<p><span style=\"color: #000000;\">El estreno de \u201cLocos de Amor 2\u201d est\u00e1 previsto para el 14 de febrero.<\/span><\/p>\n<p><span style=\"color: #000000;\">Los temas musicales que vestir\u00e1n la cinta son \u201cYo no te pido la luna\u201d de Daniela Romo, \u201cUn mont\u00f3n de estrellas\u201d de Polo Monta\u00f1ez, \u201cDetr\u00e1s de mi ventana\u201d de Yuri\u201d, \u201cMaldita Primavera\u201d de Javiera y Los Imposibles, entre otras.<\/span><\/p>\n<p><img decoding=\"async\" class=\"aligncenter size-full wp-image-16024\" src=\"http:\/\/elinformanteperu.com\/wp-content\/uploads\/2017\/09\/locos-de-amor-2-3.jpg\" alt=\"\" width=\"1800\" height=\"1199\" srcset=\"https:\/\/elinformanteperu.com\/wp-content\/uploads\/2017\/09\/locos-de-amor-2-3.jpg 1800w, https:\/\/elinformanteperu.com\/wp-content\/uploads\/2017\/09\/locos-de-amor-2-3-300x200.jpg 300w, https:\/\/elinformanteperu.com\/wp-content\/uploads\/2017\/09\/locos-de-amor-2-3-768x512.jpg 768w, https:\/\/elinformanteperu.com\/wp-content\/uploads\/2017\/09\/locos-de-amor-2-3-1024x682.jpg 1024w, https:\/\/elinformanteperu.com\/wp-content\/uploads\/2017\/09\/locos-de-amor-2-3-128x85.jpg 128w, https:\/\/elinformanteperu.com\/wp-content\/uploads\/2017\/09\/locos-de-amor-2-3-32x21.jpg 32w\" sizes=\"(max-width: 1800px) 100vw, 1800px\" \/><\/p>\n","protected":false},"excerpt":{"rendered":"<p>Tras cinco semanas de grabaci\u00f3n se culmin\u00f3 el rodaje de la segunda parte de la taquillera cinta Locos de Amor 2, producci\u00f3n nacional que fue la m\u00e1s vista en el 2016. Lima, 20 Setiembre 2017, (ANDINA).- Tras cinco semanas de grabaci\u00f3n se culmin\u00f3 el rodaje de la segunda parte de la taquillera cinta Locos de [&hellip;]<\/p>\n","protected":false},"author":1,"featured_media":16022,"comment_status":"open","ping_status":"open","sticky":false,"template":"","format":"standard","meta":{"rop_custom_images_group":[],"rop_custom_messages_group":[],"rop_publish_now":"initial","rop_publish_now_accounts":[],"rop_publish_now_history":[],"rop_publish_now_status":"pending","footnotes":""},"categories":[7],"tags":[1626,2008],"class_list":["post-16021","post","type-post","status-publish","format-standard","has-post-thumbnail","hentry","category-butaca","tag-cine-peruano","tag-locos-de-amor-2"],"_links":{"self":[{"href":"https:\/\/elinformanteperu.com\/index.php\/wp-json\/wp\/v2\/posts\/16021","targetHints":{"allow":["GET"]}}],"collection":[{"href":"https:\/\/elinformanteperu.com\/index.php\/wp-json\/wp\/v2\/posts"}],"about":[{"href":"https:\/\/elinformanteperu.com\/index.php\/wp-json\/wp\/v2\/types\/post"}],"author":[{"embeddable":true,"href":"https:\/\/elinformanteperu.com\/index.php\/wp-json\/wp\/v2\/users\/1"}],"replies":[{"embeddable":true,"href":"https:\/\/elinformanteperu.com\/index.php\/wp-json\/wp\/v2\/comments?post=16021"}],"version-history":[{"count":1,"href":"https:\/\/elinformanteperu.com\/index.php\/wp-json\/wp\/v2\/posts\/16021\/revisions"}],"predecessor-version":[{"id":16025,"href":"https:\/\/elinformanteperu.com\/index.php\/wp-json\/wp\/v2\/posts\/16021\/revisions\/16025"}],"wp:featuredmedia":[{"embeddable":true,"href":"https:\/\/elinformanteperu.com\/index.php\/wp-json\/wp\/v2\/media\/16022"}],"wp:attachment":[{"href":"https:\/\/elinformanteperu.com\/index.php\/wp-json\/wp\/v2\/media?parent=16021"}],"wp:term":[{"taxonomy":"category","embeddable":true,"href":"https:\/\/elinformanteperu.com\/index.php\/wp-json\/wp\/v2\/categories?post=16021"},{"taxonomy":"post_tag","embeddable":true,"href":"https:\/\/elinformanteperu.com\/index.php\/wp-json\/wp\/v2\/tags?post=16021"}],"curies":[{"name":"wp","href":"https:\/\/api.w.org\/{rel}","templated":true}]}}