{"id":1600,"date":"2016-11-22T20:53:52","date_gmt":"2016-11-23T01:53:52","guid":{"rendered":"http:\/\/elinformanteperu.com\/?p=1600"},"modified":"2016-11-22T20:56:42","modified_gmt":"2016-11-23T01:56:42","slug":"guerrero-niega-contacto-con-boca-y-adelanta-que-ve-complicado-jugar-en-argentina","status":"publish","type":"post","link":"https:\/\/elinformanteperu.com\/index.php\/2016\/11\/22\/guerrero-niega-contacto-con-boca-y-adelanta-que-ve-complicado-jugar-en-argentina\/","title":{"rendered":"Guerrero niega contacto con Boca y adelanta que ve complicado jugar en Argentina"},"content":{"rendered":"<p style=\"text-align: justify;\"><strong>El delantero nacional Paolo Guerrero neg\u00f3 tener contacto con la dirigencia del Boca Juniors y confes\u00f3 que se siente a gusto en el Flamengo.<\/strong><\/p>\n<p style=\"text-align: justify;\"><strong>R\u00edo de Janeiro, 22 Noviembre 2016, (ANDINA).-<\/strong> El delantero nacional Paolo Guerrero neg\u00f3 tener contacto con la dirigencia del Boca Juniors y confes\u00f3 que se siente a gusto en el Flamengo.<\/p>\n<p style=\"text-align: justify;\">\u00abMe siento muy c\u00f3modo y feliz en Flamengo. Se ha mencionado mucho mi nombre con Boca Juniors, pero nunca me lleg\u00f3 nada oficial a m\u00ed ni a Flamengo. Es muy dif\u00edcil que pueda jugar en Argentina\u00bb, confes\u00f3 el &#8216;Depredador&#8217; en di\u00e1logo con Fox Sports.<\/p>\n<p style=\"text-align: justify;\">Cabe indicar que Paolo Guerrero est\u00e1 enfocado en el pr\u00f3ximo duelo del Flamengo que ser\u00e1 ante Santos. El &#8216;Fla&#8217; urge de un triunfo para asegurar su clasificaci\u00f3n a la Copa Libertadores.<\/p>\n<p style=\"text-align: justify;\">Hace unos d\u00edas atr\u00e1s, la prensa argentina dio a conocer el inter\u00e9s del cuadro xeneize por el delantero peruano de 32 a\u00f1os.<\/p>\n<p>&nbsp;<\/p>\n","protected":false},"excerpt":{"rendered":"<p>El delantero nacional Paolo Guerrero neg\u00f3 tener contacto con la dirigencia del Boca Juniors y confes\u00f3 que se siente a gusto en el Flamengo. R\u00edo de Janeiro, 22 Noviembre 2016, (ANDINA).- El delantero nacional Paolo Guerrero neg\u00f3 tener contacto con la dirigencia del Boca Juniors y confes\u00f3 que se siente a gusto en el Flamengo. [&hellip;]<\/p>\n","protected":false},"author":1,"featured_media":1601,"comment_status":"open","ping_status":"open","sticky":false,"template":"","format":"standard","meta":{"rop_custom_images_group":[],"rop_custom_messages_group":[],"rop_publish_now":"initial","rop_publish_now_accounts":[],"rop_publish_now_history":[],"rop_publish_now_status":"pending","footnotes":""},"categories":[8],"tags":[227,203],"class_list":["post-1600","post","type-post","status-publish","format-standard","has-post-thumbnail","hentry","category-disciplinas-deportivas","tag-flamengo","tag-paolo-guerrero"],"_links":{"self":[{"href":"https:\/\/elinformanteperu.com\/index.php\/wp-json\/wp\/v2\/posts\/1600","targetHints":{"allow":["GET"]}}],"collection":[{"href":"https:\/\/elinformanteperu.com\/index.php\/wp-json\/wp\/v2\/posts"}],"about":[{"href":"https:\/\/elinformanteperu.com\/index.php\/wp-json\/wp\/v2\/types\/post"}],"author":[{"embeddable":true,"href":"https:\/\/elinformanteperu.com\/index.php\/wp-json\/wp\/v2\/users\/1"}],"replies":[{"embeddable":true,"href":"https:\/\/elinformanteperu.com\/index.php\/wp-json\/wp\/v2\/comments?post=1600"}],"version-history":[{"count":3,"href":"https:\/\/elinformanteperu.com\/index.php\/wp-json\/wp\/v2\/posts\/1600\/revisions"}],"predecessor-version":[{"id":1604,"href":"https:\/\/elinformanteperu.com\/index.php\/wp-json\/wp\/v2\/posts\/1600\/revisions\/1604"}],"wp:featuredmedia":[{"embeddable":true,"href":"https:\/\/elinformanteperu.com\/index.php\/wp-json\/wp\/v2\/media\/1601"}],"wp:attachment":[{"href":"https:\/\/elinformanteperu.com\/index.php\/wp-json\/wp\/v2\/media?parent=1600"}],"wp:term":[{"taxonomy":"category","embeddable":true,"href":"https:\/\/elinformanteperu.com\/index.php\/wp-json\/wp\/v2\/categories?post=1600"},{"taxonomy":"post_tag","embeddable":true,"href":"https:\/\/elinformanteperu.com\/index.php\/wp-json\/wp\/v2\/tags?post=1600"}],"curies":[{"name":"wp","href":"https:\/\/api.w.org\/{rel}","templated":true}]}}