{"id":15995,"date":"2017-09-20T20:40:38","date_gmt":"2017-09-21T01:40:38","guid":{"rendered":"http:\/\/elinformanteperu.com\/?p=15995"},"modified":"2017-09-20T20:40:38","modified_gmt":"2017-09-21T01:40:38","slug":"se-promoveran-intercambios-audiovisuales-gracias-a-declaracion-conjunta-de-cooperacion-entre-peru-y-china","status":"publish","type":"post","link":"https:\/\/elinformanteperu.com\/index.php\/2017\/09\/20\/se-promoveran-intercambios-audiovisuales-gracias-a-declaracion-conjunta-de-cooperacion-entre-peru-y-china\/","title":{"rendered":"Se promover\u00e1n intercambios audiovisuales gracias a \u201cDeclaraci\u00f3n Conjunta\u201d de cooperaci\u00f3n entre Per\u00fa y China"},"content":{"rendered":"<p><strong><span style=\"color: #000000;\">El Ministerio de Cultura suscribi\u00f3 un documento con la Federaci\u00f3n China de C\u00edrculos Literarios y Art\u00edsticos (CFLAC), con el objetivo de promover la cooperaci\u00f3n en la producci\u00f3n de programas televisivos\u00a0<\/span><\/strong><\/p>\n<p><span style=\"color: #000000;\"><strong>Lima, 20 Setiembre 2017, (ANDINA).-<\/strong> Con el objetivo de promover la cooperaci\u00f3n en la producci\u00f3n de programas televisivos y la participaci\u00f3n de profesionales audiovisuales en festivales de cine y televisi\u00f3n bilateral, el Ministerio de Cultura suscribi\u00f3 la \u201cDeclaraci\u00f3n Conjunta\u201d con la Federaci\u00f3n China de C\u00edrculos Literarios y Art\u00edsticos (CFLAC, por sus siglas en ingl\u00e9s) en el marco del seminario \u201cChina y Per\u00fa en Pantalla: Creaci\u00f3n y comunicaci\u00f3n de documentales para televisi\u00f3n\u201d.<\/span><\/p>\n<p><span style=\"color: #000000;\">Durante el evento, Jorge Arrun\u00e1tegui, viceministro de Patrimonio Cultural e industrias Culturales resalt\u00f3 que \u201cel Ministerio de Cultura trabaja en base a la convicci\u00f3n de que la cultura, en especial la creaci\u00f3n contempor\u00e1nea, es un aspecto esencial para la construcci\u00f3n de una sociedad m\u00e1s justa, que reconoce su diversidad como fuente de originalidad y como base del bienestar social\u201d.<\/span><\/p>\n<p><span style=\"color: #000000;\">El director de la Direcci\u00f3n del Audiovisual, la Fonograf\u00eda y los Nuevos Medios (DAFO), Pierre Emile Vandoorne, explic\u00f3 que el documento promueve la cooperaci\u00f3n e intercambio de informaci\u00f3n sobre la producci\u00f3n de programas televisivos, a trav\u00e9s de la capacitaci\u00f3n de expertos acad\u00e9micos y profesionales de ambos pa\u00edses, en programas de intercambio sobre televisi\u00f3n y medios de comunicaci\u00f3n, que promover\u00e1 la cooperaci\u00f3n cultural y comercial.<\/span><\/p>\n<p><span style=\"color: #000000;\">La CFLAC est\u00e1 conformada por la Asociaci\u00f3n de Artistas de China, la Asociaci\u00f3n de cine de China, la Asociaci\u00f3n China de M\u00fasicos, la Asociaci\u00f3n de Artistas de Televisi\u00f3n de China, la Asociaci\u00f3n de Escritores de China y la Asociaci\u00f3n del teatro de China.<\/span><\/p>\n<p><strong><span style=\"color: #000000;\">El dato<\/span><\/strong><\/p>\n<p><span style=\"color: #000000;\">\u201cDeclaraci\u00f3n Conjunta\u201d es un documento que entrar\u00e1 en vigor a partir de la fecha de su suscripci\u00f3n y se mantendr\u00e1 vigente por un per\u00edodo de dos a\u00f1os.<\/span><\/p>\n<p><img fetchpriority=\"high\" decoding=\"async\" class=\"aligncenter size-full wp-image-15997\" src=\"http:\/\/elinformanteperu.com\/wp-content\/uploads\/2017\/09\/cultura-convenio-peru-china1.jpg\" alt=\"\" width=\"800\" height=\"533\" srcset=\"https:\/\/elinformanteperu.com\/wp-content\/uploads\/2017\/09\/cultura-convenio-peru-china1.jpg 800w, https:\/\/elinformanteperu.com\/wp-content\/uploads\/2017\/09\/cultura-convenio-peru-china1-300x200.jpg 300w, https:\/\/elinformanteperu.com\/wp-content\/uploads\/2017\/09\/cultura-convenio-peru-china1-768x512.jpg 768w, https:\/\/elinformanteperu.com\/wp-content\/uploads\/2017\/09\/cultura-convenio-peru-china1-128x85.jpg 128w, https:\/\/elinformanteperu.com\/wp-content\/uploads\/2017\/09\/cultura-convenio-peru-china1-32x21.jpg 32w\" sizes=\"(max-width: 800px) 100vw, 800px\" \/><\/p>\n","protected":false},"excerpt":{"rendered":"<p>El Ministerio de Cultura suscribi\u00f3 un documento con la Federaci\u00f3n China de C\u00edrculos Literarios y Art\u00edsticos (CFLAC), con el objetivo de promover la cooperaci\u00f3n en la producci\u00f3n de programas televisivos\u00a0 Lima, 20 Setiembre 2017, (ANDINA).- Con el objetivo de promover la cooperaci\u00f3n en la producci\u00f3n de programas televisivos y la participaci\u00f3n de profesionales audiovisuales en [&hellip;]<\/p>\n","protected":false},"author":1,"featured_media":15996,"comment_status":"open","ping_status":"open","sticky":false,"template":"","format":"standard","meta":{"rop_custom_images_group":[],"rop_custom_messages_group":[],"rop_publish_now":"initial","rop_publish_now_accounts":[],"rop_publish_now_history":[],"rop_publish_now_status":"pending","footnotes":""},"categories":[10],"tags":[105],"class_list":["post-15995","post","type-post","status-publish","format-standard","has-post-thumbnail","hentry","category-actualidad-municipal","tag-ministerio-de-cultura"],"_links":{"self":[{"href":"https:\/\/elinformanteperu.com\/index.php\/wp-json\/wp\/v2\/posts\/15995","targetHints":{"allow":["GET"]}}],"collection":[{"href":"https:\/\/elinformanteperu.com\/index.php\/wp-json\/wp\/v2\/posts"}],"about":[{"href":"https:\/\/elinformanteperu.com\/index.php\/wp-json\/wp\/v2\/types\/post"}],"author":[{"embeddable":true,"href":"https:\/\/elinformanteperu.com\/index.php\/wp-json\/wp\/v2\/users\/1"}],"replies":[{"embeddable":true,"href":"https:\/\/elinformanteperu.com\/index.php\/wp-json\/wp\/v2\/comments?post=15995"}],"version-history":[{"count":1,"href":"https:\/\/elinformanteperu.com\/index.php\/wp-json\/wp\/v2\/posts\/15995\/revisions"}],"predecessor-version":[{"id":15998,"href":"https:\/\/elinformanteperu.com\/index.php\/wp-json\/wp\/v2\/posts\/15995\/revisions\/15998"}],"wp:featuredmedia":[{"embeddable":true,"href":"https:\/\/elinformanteperu.com\/index.php\/wp-json\/wp\/v2\/media\/15996"}],"wp:attachment":[{"href":"https:\/\/elinformanteperu.com\/index.php\/wp-json\/wp\/v2\/media?parent=15995"}],"wp:term":[{"taxonomy":"category","embeddable":true,"href":"https:\/\/elinformanteperu.com\/index.php\/wp-json\/wp\/v2\/categories?post=15995"},{"taxonomy":"post_tag","embeddable":true,"href":"https:\/\/elinformanteperu.com\/index.php\/wp-json\/wp\/v2\/tags?post=15995"}],"curies":[{"name":"wp","href":"https:\/\/api.w.org\/{rel}","templated":true}]}}