{"id":15974,"date":"2017-09-20T01:58:10","date_gmt":"2017-09-20T06:58:10","guid":{"rendered":"http:\/\/elinformanteperu.com\/?p=15974"},"modified":"2017-09-20T01:58:10","modified_gmt":"2017-09-20T06:58:10","slug":"embajador-mexicano-agradece-solidaridad-y-apoyo-de-peru-tras-sismo","status":"publish","type":"post","link":"https:\/\/elinformanteperu.com\/index.php\/2017\/09\/20\/embajador-mexicano-agradece-solidaridad-y-apoyo-de-peru-tras-sismo\/","title":{"rendered":"Embajador mexicano agradece solidaridad y apoyo de Per\u00fa tras sismo"},"content":{"rendered":"<p><strong><span style=\"color: #000000;\">El embajador de M\u00e9xico en Lima, Ernesto Campos, agradeci\u00f3 a nombre de su pa\u00eds el apoyo ofrecido por el Per\u00fa, as\u00ed como todas las muestras de solidaridad expresadas.<\/span><\/strong><\/p>\n<p><span style=\"color: #000000;\"><strong>Lima, 19 Setiembre 2017, (ANDINA).-<\/strong> El embajador de M\u00e9xico en Lima, Ernesto Campos, agradeci\u00f3 a nombre de su pa\u00eds el apoyo ofrecido por el Per\u00fa, as\u00ed como todas las muestras de solidaridad expresadas, tras el terremoto que soport\u00f3 este martes esa naci\u00f3n, donde se registraron m\u00e1s de 140 muertos.<\/span><\/p>\n<p><span style=\"color: #000000;\">Campos puso el relieve el mensaje de respaldo que el presidente Pedro Pablo Kuczynski escribi\u00f3 la tarde del martes, poco despu\u00e9s de registrarse la tragedia en M\u00e9xico, y record\u00f3 que los mismos sentimientos de solidaridad fueron expresados en el sismo ocurrido el pasado 7 de setiembre.<\/span><\/p>\n<p><span style=\"color: #000000;\">\u201cComo ya lo hab\u00eda dicho al responder el tuit del presidente Kuczynski, en estos momentos de aflicci\u00f3n, preocupaci\u00f3n y dolor, la ayuda de los amigos siempre es indispensable\u201d, subray\u00f3 el embajador.<\/span><\/p>\n<p><span style=\"color: #000000;\">\u201cMuchas gracias a todos aquellos que se han comunicado con nosotros y nos han expresado, a trav\u00e9s de las redes sociales o llamando a la embajada, toda la solidaridad\u201d, agreg\u00f3 el diplom\u00e1tico mexicano.<\/span><\/p>\n<p><span style=\"color: #000000;\">Asimismo, Campos sugiri\u00f3 a los peruanos, que residen en M\u00e9xico y se hayan visto afectados por el reciente terremoto, que se pongan en contacto con la Embajada del Per\u00fa en el pa\u00eds azteca, que les prestar\u00e1 la asistencia que requieran.<\/span><\/p>\n<p><span style=\"color: #000000;\">\u201cEllos ser\u00edan los que estar\u00edan pendientes. Si sucediera algo as\u00ed ac\u00e1, nosotros atender\u00edamos a la comunidad mexicana en Lima. En M\u00e9xico la prioridad es el rescatar gente y atender esta situaci\u00f3n\u201d, apunt\u00f3 el embajador de la naci\u00f3n azteca.<\/span><\/p>\n","protected":false},"excerpt":{"rendered":"<p>El embajador de M\u00e9xico en Lima, Ernesto Campos, agradeci\u00f3 a nombre de su pa\u00eds el apoyo ofrecido por el Per\u00fa, as\u00ed como todas las muestras de solidaridad expresadas. Lima, 19 Setiembre 2017, (ANDINA).- El embajador de M\u00e9xico en Lima, Ernesto Campos, agradeci\u00f3 a nombre de su pa\u00eds el apoyo ofrecido por el Per\u00fa, as\u00ed como [&hellip;]<\/p>\n","protected":false},"author":1,"featured_media":15975,"comment_status":"open","ping_status":"open","sticky":false,"template":"","format":"standard","meta":{"rop_custom_images_group":[],"rop_custom_messages_group":[],"rop_publish_now":"initial","rop_publish_now_accounts":[],"rop_publish_now_history":[],"rop_publish_now_status":"pending","footnotes":""},"categories":[5],"tags":[2178,74,1421],"class_list":["post-15974","post","type-post","status-publish","format-standard","has-post-thumbnail","hentry","category-actualidad-informativa","tag-embajada-de-mexico","tag-pedro-pablo-kuczynski","tag-poder-ejecutivo"],"_links":{"self":[{"href":"https:\/\/elinformanteperu.com\/index.php\/wp-json\/wp\/v2\/posts\/15974","targetHints":{"allow":["GET"]}}],"collection":[{"href":"https:\/\/elinformanteperu.com\/index.php\/wp-json\/wp\/v2\/posts"}],"about":[{"href":"https:\/\/elinformanteperu.com\/index.php\/wp-json\/wp\/v2\/types\/post"}],"author":[{"embeddable":true,"href":"https:\/\/elinformanteperu.com\/index.php\/wp-json\/wp\/v2\/users\/1"}],"replies":[{"embeddable":true,"href":"https:\/\/elinformanteperu.com\/index.php\/wp-json\/wp\/v2\/comments?post=15974"}],"version-history":[{"count":1,"href":"https:\/\/elinformanteperu.com\/index.php\/wp-json\/wp\/v2\/posts\/15974\/revisions"}],"predecessor-version":[{"id":15976,"href":"https:\/\/elinformanteperu.com\/index.php\/wp-json\/wp\/v2\/posts\/15974\/revisions\/15976"}],"wp:featuredmedia":[{"embeddable":true,"href":"https:\/\/elinformanteperu.com\/index.php\/wp-json\/wp\/v2\/media\/15975"}],"wp:attachment":[{"href":"https:\/\/elinformanteperu.com\/index.php\/wp-json\/wp\/v2\/media?parent=15974"}],"wp:term":[{"taxonomy":"category","embeddable":true,"href":"https:\/\/elinformanteperu.com\/index.php\/wp-json\/wp\/v2\/categories?post=15974"},{"taxonomy":"post_tag","embeddable":true,"href":"https:\/\/elinformanteperu.com\/index.php\/wp-json\/wp\/v2\/tags?post=15974"}],"curies":[{"name":"wp","href":"https:\/\/api.w.org\/{rel}","templated":true}]}}