{"id":15968,"date":"2017-09-20T01:51:46","date_gmt":"2017-09-20T06:51:46","guid":{"rendered":"http:\/\/elinformanteperu.com\/?p=15968"},"modified":"2017-09-20T02:12:20","modified_gmt":"2017-09-20T07:12:20","slug":"mercedes-araoz-iniciara-ronda-de-conversaciones-con-bancadas","status":"publish","type":"post","link":"https:\/\/elinformanteperu.com\/index.php\/2017\/09\/20\/mercedes-araoz-iniciara-ronda-de-conversaciones-con-bancadas\/","title":{"rendered":"Mercedes Ar\u00e1oz iniciar\u00e1 ronda de conversaciones con bancadas"},"content":{"rendered":"<p><span style=\"color: #000000;\"><strong>La presidenta del Consejo de Ministros, Mercedes Ar\u00e1oz, adelant\u00f3 que iniciar\u00e1 una ronda de conversaciones con las bancadas del Congreso.<\/strong><\/span><\/p>\n<p><span style=\"color: #000000;\"><strong>Lima, 19 Setiembre 2017, (ANDINA).-<\/strong> La presidenta del Consejo de Ministros, Mercedes Ar\u00e1oz, adelant\u00f3 que iniciar\u00e1 una ronda de conversaciones con las bancadas del Congreso, y agradeci\u00f3 que los diferentes grupos pol\u00edticos se hayan expresado a favor de otorgarle el voto de confianza.<\/span><\/p>\n<p><span style=\"color: #000000;\">En conferencia de prensa indic\u00f3 que a estos encuentros, que empezar\u00e1n esta tarde con la bancada oficialista Peruanos por el Kambio (PPK), llevar\u00e1 sus propuestas sobre pol\u00edticas de Estado y la importancia de tener una agenda de trabajo conjunta.<\/span><\/p>\n<p><span style=\"color: #000000;\">Bajo esa perspectiva, ratific\u00f3 que en las pr\u00f3ximas horas se reunir\u00e1 con el titular del Parlamento, Luis Galarreta, con quien definir\u00e1 la fecha exacta de su presentaci\u00f3n ante el Pleno para la investidura y voto de confianza.<\/span><\/p>\n<p><span style=\"color: #000000;\">\u201cVamos a hablar con todos los partidos. El di\u00e1logo empez\u00f3 un d\u00eda antes de la juramentaci\u00f3n del Gabinete (\u2026) Es una se\u00f1al de que el presidente Pedro Pablo Kuczynski siempre tendr\u00e1 pol\u00edtica de apertura\u201d, enfatiz\u00f3.<\/span><\/p>\n<p><span style=\"color: #000000;\">La ronda de conversaciones incluir\u00e1 a la bancada opositora Fuerza Popular, agreg\u00f3 Ar\u00e1oz, quien salud\u00f3 las expresiones de la excandidata Keiko Fujimori respecto a su designaci\u00f3n como jefa del Gabinete.<\/span><\/p>\n<p><span style=\"color: #000000;\">\u201cEs una se\u00f1al de la buena voluntad de di\u00e1logo de Fuerza Popular en estos momentos. Si hay una nueva ocasi\u00f3n para plantearnos m\u00e1s agenda de trabajo, estoy convencida de que el presidente y ella tendr\u00e1n las mejores ocasiones de conversar\u201d, afirm\u00f3.<\/span><\/p>\n<p><span style=\"color: #000000;\">\u201cEs momento de trabajar juntos y ser una sola fuerza\u201d, sostuvo.<\/span><\/p>\n<p><strong><span style=\"color: #000000;\">Viaje de Kuczynski y educaci\u00f3n<\/span><\/strong><\/p>\n<p><span style=\"color: #000000;\">Mercedes Ar\u00e1oz inform\u00f3 tambi\u00e9n que el jefe del Estado partir\u00e1 hoy con destino al Vaticano para formalizar la visita del papa Francisco al Per\u00fa en enero de 2018, de quien dijo traer\u00e1 \u201cespacios de alegr\u00eda y fe en la poblaci\u00f3n\u201d.<\/span><\/p>\n<p><span style=\"color: #000000;\">A su retorno, el mandatario atender\u00e1 el pedido de la Comisi\u00f3n Lava Jato para entrevistarlo, precis\u00f3 al remarcar que Kuczynski no tiene temor de responder las preguntas de dicho grupo de trabajo ni de otra comisi\u00f3n.<\/span><\/p>\n<p><span style=\"color: #000000;\">Respecto a los principios rectores de la curr\u00edcula escolar, como la igualdad de g\u00e9nero, de oportunidades y respeto por las personas, asegur\u00f3 que esto no cambiar\u00e1.<\/span><\/p>\n<p><span style=\"color: #000000;\">Mencion\u00f3, adem\u00e1s, que la exministra de Educaci\u00f3n, Maril\u00fa Martens, seguir\u00e1 colaborando con el Gobierno, y su sucesor en el cargo, Idel Vexler, tiene larga experiencia en el sector y lo conoce a fondo.<\/span><\/p>\n","protected":false},"excerpt":{"rendered":"<p>La presidenta del Consejo de Ministros, Mercedes Ar\u00e1oz, adelant\u00f3 que iniciar\u00e1 una ronda de conversaciones con las bancadas del Congreso. Lima, 19 Setiembre 2017, (ANDINA).- La presidenta del Consejo de Ministros, Mercedes Ar\u00e1oz, adelant\u00f3 que iniciar\u00e1 una ronda de conversaciones con las bancadas del Congreso, y agradeci\u00f3 que los diferentes grupos pol\u00edticos se hayan expresado [&hellip;]<\/p>\n","protected":false},"author":1,"featured_media":15969,"comment_status":"open","ping_status":"open","sticky":false,"template":"","format":"standard","meta":{"rop_custom_images_group":[],"rop_custom_messages_group":[],"rop_publish_now":"initial","rop_publish_now_accounts":[],"rop_publish_now_history":[],"rop_publish_now_status":"pending","footnotes":""},"categories":[5],"tags":[79,189],"class_list":["post-15968","post","type-post","status-publish","format-standard","has-post-thumbnail","hentry","category-actualidad-informativa","tag-mercedes-araoz","tag-pcm"],"_links":{"self":[{"href":"https:\/\/elinformanteperu.com\/index.php\/wp-json\/wp\/v2\/posts\/15968","targetHints":{"allow":["GET"]}}],"collection":[{"href":"https:\/\/elinformanteperu.com\/index.php\/wp-json\/wp\/v2\/posts"}],"about":[{"href":"https:\/\/elinformanteperu.com\/index.php\/wp-json\/wp\/v2\/types\/post"}],"author":[{"embeddable":true,"href":"https:\/\/elinformanteperu.com\/index.php\/wp-json\/wp\/v2\/users\/1"}],"replies":[{"embeddable":true,"href":"https:\/\/elinformanteperu.com\/index.php\/wp-json\/wp\/v2\/comments?post=15968"}],"version-history":[{"count":2,"href":"https:\/\/elinformanteperu.com\/index.php\/wp-json\/wp\/v2\/posts\/15968\/revisions"}],"predecessor-version":[{"id":15984,"href":"https:\/\/elinformanteperu.com\/index.php\/wp-json\/wp\/v2\/posts\/15968\/revisions\/15984"}],"wp:featuredmedia":[{"embeddable":true,"href":"https:\/\/elinformanteperu.com\/index.php\/wp-json\/wp\/v2\/media\/15969"}],"wp:attachment":[{"href":"https:\/\/elinformanteperu.com\/index.php\/wp-json\/wp\/v2\/media?parent=15968"}],"wp:term":[{"taxonomy":"category","embeddable":true,"href":"https:\/\/elinformanteperu.com\/index.php\/wp-json\/wp\/v2\/categories?post=15968"},{"taxonomy":"post_tag","embeddable":true,"href":"https:\/\/elinformanteperu.com\/index.php\/wp-json\/wp\/v2\/tags?post=15968"}],"curies":[{"name":"wp","href":"https:\/\/api.w.org\/{rel}","templated":true}]}}