{"id":15947,"date":"2017-09-18T00:04:42","date_gmt":"2017-09-18T05:04:42","guid":{"rendered":"http:\/\/elinformanteperu.com\/?p=15947"},"modified":"2017-09-18T00:04:42","modified_gmt":"2017-09-18T05:04:42","slug":"gabinete-ministerial-ira-al-congreso-la-primera-semana-de-octubre-anuncia-mercedes-araoz","status":"publish","type":"post","link":"https:\/\/elinformanteperu.com\/index.php\/2017\/09\/18\/gabinete-ministerial-ira-al-congreso-la-primera-semana-de-octubre-anuncia-mercedes-araoz\/","title":{"rendered":"Gabinete Ministerial ir\u00e1 al Congreso la primera semana de octubre, anuncia Mercedes Ar\u00e1oz"},"content":{"rendered":"<p><strong><span style=\"color: #000000;\">La nueva presidenta del Consejo de Ministros, Mercedes Ar\u00f3az, anunci\u00f3 que en la primera semana se octubre comparecer\u00e1 ante el Congreso para pedir el voto de confianza.<\/span><\/strong><\/p>\n<p><span style=\"color: #000000;\"><strong>Lima, 17 Setiembre 2017, (ANDINA).-<\/strong> La nueva presidenta del Consejo de Ministros, Mercedes Ar\u00f3az, anunci\u00f3 que en la primera semana se octubre comparecer\u00e1 ante el Congreso para pedir el voto de confianza y que continuar\u00e1 con las pol\u00edticas p\u00fablicas marcadas por el presidente de la Rep\u00fablica.<\/span><\/p>\n<p><span style=\"color: #000000;\">En conferencia de prensa, tras su juramentaci\u00f3n, precis\u00f3 que inici\u00f3 las coordinaciones con el presidente del Congreso, Luis Galarreta, para definir una fecha exacta, que ser\u00e1 cuando concluya la semana de representaci\u00f3n de los congresistas.<\/span><\/p>\n<p><span style=\"color: #000000;\">\u201cVamos se seguir en comunicaci\u00f3n con las fuerzas pol\u00edticas, y con el trabajo que empezaron los ministro de estar en la cancha, trabajando por el pueblo, lo vimos en el Ni\u00f1o costero, eso lo vamos a reforzar. Fue una excelente forma de estar con la poblaci\u00f3n\u201d, indic\u00f3.<\/span><\/p>\n<p><span style=\"color: #000000;\">Ar\u00e1oz record\u00f3 que la Presidencia del Consejo de Ministros cumple un rol coordinador de las pol\u00edticas p\u00fablicas que marca el presidente Pedro Pablo Kuczynski, las cuales no cambiar\u00e1n.<\/span><\/p>\n<p><span style=\"color: #000000;\">\u201cNo hay cambios en las pol\u00edticas p\u00fablicas que marc\u00f3 el presidente Kuczynski, basado en su plan de gobierno. Las pol\u00edticas p\u00fablicas buscan el bienestar de la econom\u00eda, la pol\u00edtica, la educaci\u00f3n. Vamos a mantenernos en la l\u00ednea clave de seguir trabajando por la meritocracia y mejorar la educaci\u00f3n\u201d, afirm\u00f3.<\/span><\/p>\n<p><span style=\"color: #000000;\">En ese sentido, sostuvo que si bien los estilos de los nuevos ministros que conforman el Gabinete puede variar, no implica que cambiar\u00e1n las pol\u00edticas p\u00fablicas que se ejecutan.<\/span><\/p>\n<p><span style=\"color: #000000;\">Coment\u00f3 que los cinco nuevos ministros que integran su Gabinete tienen experiencias distintas, algunos han sido viceministros como Idel Vexler, quien asumir\u00e1 el sector Educaci\u00f3n, y otros como Fernando D\u00b4Alessio, que vienen del sector privado.<\/span><\/p>\n<p><span style=\"color: #000000;\">\u201cEs un reconocido director de un centro de excelencia en gesti\u00f3n, eso nos ayudar\u00e1 a manejar un sector complejo como Salud, lo mismo en el caso de Enrique Mendoza, que tiene experiencia en materia de justicia\u201d, afirm\u00f3.<\/span><\/p>\n<p><span style=\"color: #000000;\">Destac\u00f3 tambi\u00e9n la incorporaci\u00f3n del congresista Carlos Bruce como ministro de Vivienda, sector en el cual tiene una amplia experiencia; y de Claudia Cooper, ministra de Econom\u00eda, quien fue viceministra y tiene experiencia como funcionaria p\u00fablica.<\/span><\/p>\n<p><span style=\"color: #000000;\">Los ministros que fueron ratificados en el cargo, como Carlos Basombr\u00edo en Interior, se mantienen por sus calificaciones personales y t\u00e9cnicas y su capacidad pol\u00edtica.<\/span><\/p>\n<p><span style=\"color: #000000;\">\u201cTenemos un Gabinete renovado\u2026 con los nuevos ministros habr\u00e1 una combinaci\u00f3n para gestar un di\u00e1logo pol\u00edtico importante\u201d, afirm\u00f3.<\/span><\/p>\n<p><strong><span style=\"color: #000000;\">Dialogo con el Congreso<\/span><\/strong><\/p>\n<p><span style=\"color: #000000;\">La nueva titular del Gabinete Ministerial, asimismo, indic\u00f3 que, en cuanto a su gesti\u00f3n en el Consejo de Ministros, el cambio que imprimir\u00e1 ser\u00e1 la comunicaci\u00f3n con el Parlamento y con las fuerzas pol\u00edticas, dada su condici\u00f3n de parlamentaria.<\/span><\/p>\n<p><span style=\"color: #000000;\">\u201cEsta nueva etapa abre otra oportunidad de di\u00e1logo que debemos aprovechar todos, los pol\u00edticos debemos darle satisfacci\u00f3n al pueblo, nos han elegido al Ejecutivo y Legislativo en momentos diferentes, no para que estemos en debate permanente y en una situaci\u00f3n de distanciamiento, sino para que trabajemos juntos\u201d, se\u00f1al\u00f3.<\/span><\/p>\n<p>https:\/\/www.facebook.com\/agenciandina\/videos\/1915125385180528\/<\/p>\n","protected":false},"excerpt":{"rendered":"<p>La nueva presidenta del Consejo de Ministros, Mercedes Ar\u00f3az, anunci\u00f3 que en la primera semana se octubre comparecer\u00e1 ante el Congreso para pedir el voto de confianza. Lima, 17 Setiembre 2017, (ANDINA).- La nueva presidenta del Consejo de Ministros, Mercedes Ar\u00f3az, anunci\u00f3 que en la primera semana se octubre comparecer\u00e1 ante el Congreso para pedir [&hellip;]<\/p>\n","protected":false},"author":1,"featured_media":15948,"comment_status":"open","ping_status":"open","sticky":false,"template":"","format":"standard","meta":{"rop_custom_images_group":[],"rop_custom_messages_group":[],"rop_publish_now":"initial","rop_publish_now_accounts":[],"rop_publish_now_history":[],"rop_publish_now_status":"pending","footnotes":""},"categories":[5],"tags":[192,79,189,74,1421,2013],"class_list":["post-15947","post","type-post","status-publish","format-standard","has-post-thumbnail","hentry","category-actualidad-informativa","tag-congreso","tag-mercedes-araoz","tag-pcm","tag-pedro-pablo-kuczynski","tag-poder-ejecutivo","tag-poder-legislativo"],"_links":{"self":[{"href":"https:\/\/elinformanteperu.com\/index.php\/wp-json\/wp\/v2\/posts\/15947","targetHints":{"allow":["GET"]}}],"collection":[{"href":"https:\/\/elinformanteperu.com\/index.php\/wp-json\/wp\/v2\/posts"}],"about":[{"href":"https:\/\/elinformanteperu.com\/index.php\/wp-json\/wp\/v2\/types\/post"}],"author":[{"embeddable":true,"href":"https:\/\/elinformanteperu.com\/index.php\/wp-json\/wp\/v2\/users\/1"}],"replies":[{"embeddable":true,"href":"https:\/\/elinformanteperu.com\/index.php\/wp-json\/wp\/v2\/comments?post=15947"}],"version-history":[{"count":1,"href":"https:\/\/elinformanteperu.com\/index.php\/wp-json\/wp\/v2\/posts\/15947\/revisions"}],"predecessor-version":[{"id":15949,"href":"https:\/\/elinformanteperu.com\/index.php\/wp-json\/wp\/v2\/posts\/15947\/revisions\/15949"}],"wp:featuredmedia":[{"embeddable":true,"href":"https:\/\/elinformanteperu.com\/index.php\/wp-json\/wp\/v2\/media\/15948"}],"wp:attachment":[{"href":"https:\/\/elinformanteperu.com\/index.php\/wp-json\/wp\/v2\/media?parent=15947"}],"wp:term":[{"taxonomy":"category","embeddable":true,"href":"https:\/\/elinformanteperu.com\/index.php\/wp-json\/wp\/v2\/categories?post=15947"},{"taxonomy":"post_tag","embeddable":true,"href":"https:\/\/elinformanteperu.com\/index.php\/wp-json\/wp\/v2\/tags?post=15947"}],"curies":[{"name":"wp","href":"https:\/\/api.w.org\/{rel}","templated":true}]}}