{"id":15945,"date":"2017-09-18T00:00:03","date_gmt":"2017-09-18T05:00:03","guid":{"rendered":"http:\/\/elinformanteperu.com\/?p=15945"},"modified":"2017-09-18T00:00:03","modified_gmt":"2017-09-18T05:00:03","slug":"luz-salgado-dice-que-fuerza-popular-daria-voto-de-confianza-a-gabinete","status":"publish","type":"post","link":"https:\/\/elinformanteperu.com\/index.php\/2017\/09\/18\/luz-salgado-dice-que-fuerza-popular-daria-voto-de-confianza-a-gabinete\/","title":{"rendered":"Luz Salgado dice que Fuerza Popular dar\u00eda voto de confianza a Gabinete"},"content":{"rendered":"<p><strong><span style=\"color: #000000;\">La congresista de Fuerza Popular, Luz Salgado, se\u00f1al\u00f3 que, por lo escuchado de parte de sus colegas de bancada, se otorgar\u00eda el voto de confianza al Gabinete Ministerial que preside Mercedes Ar\u00e1oz.<\/span><\/strong><\/p>\n<p><span style=\"color: #000000;\"><strong>Lima, 17 Setiembre 2017, (ANDINA).-<\/strong> La congresista de Fuerza Popular, Luz Salgado, sostuvo que, por lo escuchado de parte de sus colegas de bancada, se otorgar\u00eda el voto de confianza al Gabinete Ministerial que preside Mercedes Ar\u00e1oz.<\/span><\/p>\n<p><span style=\"color: #000000;\">\u201cEs muy probable, no puedo hablar por todos, pero por lo que han estado diciendo, s\u00ed, definitivamente (le daremos el voto de confianza)\u201d, manifest\u00f3 en Canal N.<\/span><\/p>\n<p><span style=\"color: #000000;\">En ese sentido, explic\u00f3 que tendr\u00e1n que escuchar la presentaci\u00f3n de la titular del Consejo de Ministros, sobre c\u00f3mo acelerar\u00e1n la aplicaci\u00f3n de las pol\u00edticas p\u00fablicas.<\/span><\/p>\n<p><span style=\"color: #000000;\">\u201cEstamos esperando que se implementen los cambios lo m\u00e1s r\u00e1pido posible, para tener mejores est\u00e1ndares en salud, educaci\u00f3n, justicia, adem\u00e1s de control y transparencia\u201d, precis\u00f3.<\/span><\/p>\n<p><span style=\"color: #000000;\">Seg\u00fan el art\u00edculo 130 de la Constituci\u00f3n, el nuevo Gabinete Ministerial debe comparecer ante el Congreso dentro de los 30 d\u00edas de su elecci\u00f3n, para presentar la pol\u00edtica general de Gobierno y solicitar el voto de confianza.<\/span><\/p>\n<p><span style=\"color: #000000;\">Ar\u00e1oz Fern\u00e1ndez adelant\u00f3 que, junto con el titular del Congreso, Luis Galarreta, est\u00e1n programando su presentaci\u00f3n para los primeros d\u00edas del mes de octubre.<\/span><\/p>\n<p><strong><span style=\"color: #000000;\">Fallo del TC<\/span><\/strong><\/p>\n<p><span style=\"color: #000000;\">En otro momento, refiri\u00f3 que el Congreso de la Rep\u00fablica \u201cno le est\u00e1 sacando la vuelta\u201d al fallo del Tribunal Constitucional (TC), con la creaci\u00f3n de la denominada bancada parlamentaria mixta.<\/span><\/p>\n<p><span style=\"color: #000000;\">\u201cQuienes estaban hablando de fortalecer los partidos pol\u00edticos hoy est\u00e1n permitiendo que nuevamente se formen grup\u00fasculos que el pueblo no eligi\u00f3. (\u2026) Lo que hace (lo aprobado por el Congreso) es normar, es decir, si te quieres ir (de tu bancada), en lugar de irte a formar un mont\u00f3n de \u2018grupitos\u2019, lo har\u00e1s a una sola bancada\u201d, a\u00f1adi\u00f3.<\/span><\/p>\n<p><iframe src=\"https:\/\/www.youtube-nocookie.com\/embed\/plaVi6CvcSM?rel=0&amp;controls=0&amp;showinfo=0\" width=\"560\" height=\"315\" frameborder=\"0\" allowfullscreen=\"allowfullscreen\"><\/iframe><\/p>\n","protected":false},"excerpt":{"rendered":"<p>La congresista de Fuerza Popular, Luz Salgado, se\u00f1al\u00f3 que, por lo escuchado de parte de sus colegas de bancada, se otorgar\u00eda el voto de confianza al Gabinete Ministerial que preside Mercedes Ar\u00e1oz. Lima, 17 Setiembre 2017, (ANDINA).- La congresista de Fuerza Popular, Luz Salgado, sostuvo que, por lo escuchado de parte de sus colegas de [&hellip;]<\/p>\n","protected":false},"author":1,"featured_media":2955,"comment_status":"open","ping_status":"open","sticky":false,"template":"","format":"standard","meta":{"rop_custom_images_group":[],"rop_custom_messages_group":[],"rop_publish_now":"initial","rop_publish_now_accounts":[],"rop_publish_now_history":[],"rop_publish_now_status":"pending","footnotes":""},"categories":[5],"tags":[192,296,79,74,1421,73],"class_list":["post-15945","post","type-post","status-publish","format-standard","has-post-thumbnail","hentry","category-actualidad-informativa","tag-congreso","tag-luz-salgado","tag-mercedes-araoz","tag-pedro-pablo-kuczynski","tag-poder-ejecutivo","tag-ppk"],"_links":{"self":[{"href":"https:\/\/elinformanteperu.com\/index.php\/wp-json\/wp\/v2\/posts\/15945","targetHints":{"allow":["GET"]}}],"collection":[{"href":"https:\/\/elinformanteperu.com\/index.php\/wp-json\/wp\/v2\/posts"}],"about":[{"href":"https:\/\/elinformanteperu.com\/index.php\/wp-json\/wp\/v2\/types\/post"}],"author":[{"embeddable":true,"href":"https:\/\/elinformanteperu.com\/index.php\/wp-json\/wp\/v2\/users\/1"}],"replies":[{"embeddable":true,"href":"https:\/\/elinformanteperu.com\/index.php\/wp-json\/wp\/v2\/comments?post=15945"}],"version-history":[{"count":1,"href":"https:\/\/elinformanteperu.com\/index.php\/wp-json\/wp\/v2\/posts\/15945\/revisions"}],"predecessor-version":[{"id":15946,"href":"https:\/\/elinformanteperu.com\/index.php\/wp-json\/wp\/v2\/posts\/15945\/revisions\/15946"}],"wp:featuredmedia":[{"embeddable":true,"href":"https:\/\/elinformanteperu.com\/index.php\/wp-json\/wp\/v2\/media\/2955"}],"wp:attachment":[{"href":"https:\/\/elinformanteperu.com\/index.php\/wp-json\/wp\/v2\/media?parent=15945"}],"wp:term":[{"taxonomy":"category","embeddable":true,"href":"https:\/\/elinformanteperu.com\/index.php\/wp-json\/wp\/v2\/categories?post=15945"},{"taxonomy":"post_tag","embeddable":true,"href":"https:\/\/elinformanteperu.com\/index.php\/wp-json\/wp\/v2\/tags?post=15945"}],"curies":[{"name":"wp","href":"https:\/\/api.w.org\/{rel}","templated":true}]}}