{"id":1594,"date":"2016-11-22T20:39:16","date_gmt":"2016-11-23T01:39:16","guid":{"rendered":"http:\/\/elinformanteperu.com\/?p=1594"},"modified":"2016-11-22T20:39:16","modified_gmt":"2016-11-23T01:39:16","slug":"selecciones-sub-15-y-sub-17-de-peru-disputaran-el-xv-torneo-de-las-americas-en-cali","status":"publish","type":"post","link":"https:\/\/elinformanteperu.com\/index.php\/2016\/11\/22\/selecciones-sub-15-y-sub-17-de-peru-disputaran-el-xv-torneo-de-las-americas-en-cali\/","title":{"rendered":"Selecciones sub-15 y sub-17 de Per\u00fa disputar\u00e1n el XV Torneo de las Am\u00e9ricas en Cali"},"content":{"rendered":"<p style=\"text-align: justify;\"><strong>Las selecciones de f\u00fatbol sub-15 y sub-17 de Per\u00fa ya se encuentran en Colombia para participar en el XV Torneo de las Am\u00e9ricas 2016 a disputarse en Cali del 24 de noviembre al 4 de diciembre.<\/strong><\/p>\n<p style=\"text-align: justify;\"><strong>Cali, 22 Noviembre 2016, (ANDINA).-<\/strong> Las selecciones de f\u00fatbol sub-15 y sub-17 de Per\u00fa ya se encuentran en Colombia para participar en el XV Torneo de las Am\u00e9ricas 2016 a disputarse en Cali del 24 de noviembre al 4 de diciembre y que contar\u00e1 con la participaci\u00f3n de los seleccionados nacionales, en dichas categor\u00edas, de Colombia, Ecuador, Panam\u00e1 y Venezuela.<\/p>\n<p style=\"text-align: justify;\">El profesor Juan Jos\u00e9 Or\u00e9, director t\u00e9cnico de la Sub-17 se mostr\u00f3 optimista y resalt\u00f3 la importancia de la experiencia y el roce que representa para el grupo el competir a nivel internacional. \u00abEste torneo nos viene muy bien por la cantidad de partidos que vamos a jugar, sobre todo teniendo en cuenta que para algunos chicos de provincia esta gira representa su primera experiencia con la selecci\u00f3n a nivel internacional\u00bb.<\/p>\n<p>Consultado sobre sus expectativas de cara a esta gira internacional, el profesor Or\u00e9 se manifest\u00f3 tranquilo y con muchas ganas de ver en el campo todo lo trabajado durante este \u00faltimo microciclo de entrenamientos.<\/p>\n<p style=\"text-align: justify;\">\u00abNos vamos tranquilos por lo hecho durante esta semana de trabajo. Queremos que el grupo, sobre todo los chicos nuevos, vayan entendiendo lo que queremos para el equipo. Hemos hecho mucho hincapi\u00e9 en el bal\u00f3n detenido porque es un factor determinante cuando los partidos est\u00e1n apretados\u00bb, agreg\u00f3.<\/p>\n<p style=\"text-align: justify;\">Por su parte, el profesor Edgar Teixeira\u00a0destac\u00f3 la gira en Colombia como una oportunidad para reforzar lazos con el grupo que se viene formando en la selecci\u00f3n Sub-15.<\/p>\n<p>\u00abLos chicos est\u00e1n con mucha predisposici\u00f3n para el trabajo, la gira nos cae muy bien para interactuar con ellos y que nos conozcan un poco m\u00e1s. Somos conscientes de que a esta edad muchas veces solo reciben cr\u00edticas cuando se trata de ayudarlos a ser mejores\u00bb.<\/p>\n<p>El estratega de la sub-15 manifest\u00f3 que la categor\u00eda cuenta con un equipo base que sirve de referencia para los chicos que se vienen integrando a la selecci\u00f3n.<\/p>\n<p style=\"text-align: justify;\">\u00abEsta gira nos va a permitir observar las respuestas del jugador ante la responsabilidad de representar al pa\u00eds afuera. Queremos ver como se muestran y que tanto influye en ellos el vestir la camiseta de la selecci\u00f3n en su juego. Nuestra idea es formar una base grande, por ello es fundamental consolidar la evoluci\u00f3n progresiva de este grupo. En ese sentido la gira nos viene muy bien\u00bb, culmin\u00f3.<\/p>\n","protected":false},"excerpt":{"rendered":"<p>Las selecciones de f\u00fatbol sub-15 y sub-17 de Per\u00fa ya se encuentran en Colombia para participar en el XV Torneo de las Am\u00e9ricas 2016 a disputarse en Cali del 24 de noviembre al 4 de diciembre. Cali, 22 Noviembre 2016, (ANDINA).- Las selecciones de f\u00fatbol sub-15 y sub-17 de Per\u00fa ya se encuentran en Colombia [&hellip;]<\/p>\n","protected":false},"author":1,"featured_media":1595,"comment_status":"open","ping_status":"open","sticky":false,"template":"","format":"standard","meta":{"rop_custom_images_group":[],"rop_custom_messages_group":[],"rop_publish_now":"initial","rop_publish_now_accounts":[],"rop_publish_now_history":[],"rop_publish_now_status":"pending","footnotes":""},"categories":[8],"tags":[271,270],"class_list":["post-1594","post","type-post","status-publish","format-standard","has-post-thumbnail","hentry","category-disciplinas-deportivas","tag-edgar-teixeira","tag-juan-jose-ore"],"_links":{"self":[{"href":"https:\/\/elinformanteperu.com\/index.php\/wp-json\/wp\/v2\/posts\/1594","targetHints":{"allow":["GET"]}}],"collection":[{"href":"https:\/\/elinformanteperu.com\/index.php\/wp-json\/wp\/v2\/posts"}],"about":[{"href":"https:\/\/elinformanteperu.com\/index.php\/wp-json\/wp\/v2\/types\/post"}],"author":[{"embeddable":true,"href":"https:\/\/elinformanteperu.com\/index.php\/wp-json\/wp\/v2\/users\/1"}],"replies":[{"embeddable":true,"href":"https:\/\/elinformanteperu.com\/index.php\/wp-json\/wp\/v2\/comments?post=1594"}],"version-history":[{"count":1,"href":"https:\/\/elinformanteperu.com\/index.php\/wp-json\/wp\/v2\/posts\/1594\/revisions"}],"predecessor-version":[{"id":1596,"href":"https:\/\/elinformanteperu.com\/index.php\/wp-json\/wp\/v2\/posts\/1594\/revisions\/1596"}],"wp:featuredmedia":[{"embeddable":true,"href":"https:\/\/elinformanteperu.com\/index.php\/wp-json\/wp\/v2\/media\/1595"}],"wp:attachment":[{"href":"https:\/\/elinformanteperu.com\/index.php\/wp-json\/wp\/v2\/media?parent=1594"}],"wp:term":[{"taxonomy":"category","embeddable":true,"href":"https:\/\/elinformanteperu.com\/index.php\/wp-json\/wp\/v2\/categories?post=1594"},{"taxonomy":"post_tag","embeddable":true,"href":"https:\/\/elinformanteperu.com\/index.php\/wp-json\/wp\/v2\/tags?post=1594"}],"curies":[{"name":"wp","href":"https:\/\/api.w.org\/{rel}","templated":true}]}}