{"id":15937,"date":"2017-09-17T23:56:25","date_gmt":"2017-09-18T04:56:25","guid":{"rendered":"http:\/\/elinformanteperu.com\/?p=15937"},"modified":"2017-09-18T00:21:04","modified_gmt":"2017-09-18T05:21:04","slug":"conoce-a-los-seis-nuevos-ministros-del-gabinete","status":"publish","type":"post","link":"https:\/\/elinformanteperu.com\/index.php\/2017\/09\/17\/conoce-a-los-seis-nuevos-ministros-del-gabinete\/","title":{"rendered":"Conoce a los seis nuevos ministros del Gabinete"},"content":{"rendered":"<p><span style=\"color: #000000;\"><strong>El remozado Gabinete Ministerial, que jurament\u00f3 en el Patio de Honor de Palacio de Gobierno, cuenta con seis nuevos integrantes.<\/strong><\/span><\/p>\n<p><span style=\"color: #000000;\"><strong>Lima, 17 Setiembre 2017, (ANDINA).-<\/strong> El remozado Gabinete Ministerial, que jurament\u00f3 en el Patio de Honor de Palacio de Gobierno, cuenta con seis nuevos integrantes y la ratificaci\u00f3n de otros 13 ministros que acompa\u00f1aron las gesti\u00f3n de Fernando Zavala.<\/span><\/p>\n<p><span style=\"color: #000000;\">Estas son las nuevas incorporaciones en el Gabinete Ministerial del presidente Pedro Pablo Kuczynski.<\/span><\/p>\n<p><span style=\"color: #000000;\"><strong>Mercedes Ar\u00e1oz Fern\u00e1ndez<\/strong><\/span><br \/>\n<span style=\"color: #000000;\"> <strong>Presidencia del Consejo de Ministros<\/strong><\/span><\/p>\n<p><span style=\"color: #000000;\"><img fetchpriority=\"high\" decoding=\"async\" class=\"aligncenter size-full wp-image-15932\" src=\"http:\/\/elinformanteperu.com\/wp-content\/uploads\/2017\/09\/ppk-araoz.jpg\" alt=\"\" width=\"1000\" height=\"667\" srcset=\"https:\/\/elinformanteperu.com\/wp-content\/uploads\/2017\/09\/ppk-araoz.jpg 1000w, https:\/\/elinformanteperu.com\/wp-content\/uploads\/2017\/09\/ppk-araoz-300x200.jpg 300w, https:\/\/elinformanteperu.com\/wp-content\/uploads\/2017\/09\/ppk-araoz-768x512.jpg 768w, https:\/\/elinformanteperu.com\/wp-content\/uploads\/2017\/09\/ppk-araoz-128x85.jpg 128w, https:\/\/elinformanteperu.com\/wp-content\/uploads\/2017\/09\/ppk-araoz-32x21.jpg 32w\" sizes=\"(max-width: 1000px) 100vw, 1000px\" \/>La nueva titular del Consejo de Ministros, es la segunda vicepresidenta de la Rep\u00fablica y congresista, y adem\u00e1s cuenta con una amplia experiencia en el sector p\u00fablico y privado.<\/span><\/p>\n<p><span style=\"color: #000000;\">Tuvo una destacada labor como la primera mujer ministra de Econom\u00eda y Finanzas (2009 \u2013 2010) en el pa\u00eds, cargo en el que logr\u00f3 mantener el d\u00e9ficit fiscal por debajo del 1% del PBI, promover un crecimiento del 9%, una tasa baja de inflaci\u00f3n y buenas calificaciones de inversi\u00f3n a la deuda de Per\u00fa, a pesar de la crisis financiera internacional.<\/span><\/p>\n<p><span style=\"color: #000000;\">Asimismo, se ha desempe\u00f1ado como ministra de Comercio Exterior y Turismo (2006 \u2013 2009), desde el cual lider\u00f3 el posicionamiento de la Marca Per\u00fa y encabez\u00f3 las negociaciones de varios acuerdos de Libre y Comercio.<\/span><\/p>\n<p><span style=\"color: #000000;\">Tambi\u00e9n fue ministra de la Producci\u00f3n (2009), desde donde promovi\u00f3 a las micro y peque\u00f1as empresas y el ordenamiento sustentable del sector pesquero.<\/span><\/p>\n<p><span style=\"color: #000000;\">Economista y profesora de Econom\u00eda Internacional, con maestr\u00eda y estudios doctorales en Econom\u00eda en la Universidad de Miami, Ar\u00e1oz es miembro del Patronato de la Universidad del Pac\u00edfico y profesora de la Academia Diplom\u00e1tica del Per\u00fa. Realiz\u00f3 investigaciones y cursos sobre econom\u00eda internacional, integraci\u00f3n econ\u00f3mica, pol\u00edticas comerciales, negociaciones internacionales y finanzas p\u00fablicas, entre otros.<\/span><\/p>\n<p><span style=\"color: #000000;\">Como consultora, ha trabajado con varios organismos internacionales como el Banco Mundial (BM), la Conferencia de las Naciones Unidas sobre Comercio y Desarrollo (UNCTAD), la Organizaci\u00f3n de Estados Americanos (OEA), BID y la CAF.<\/span><\/p>\n<p><span style=\"color: #000000;\">A lo largo de su trayectoria profesional, Ar\u00e1oz se ha desempe\u00f1ado como presidenta de la Comisi\u00f3n de Promoci\u00f3n de las Exportaciones y el Turismo (Promper\u00fa), vicepresidenta del Consejo Nacional de la Competitividad (Per\u00fa Compite) y directora de la Agencia de la Promoci\u00f3n de la Inversi\u00f3n Privada (Proinversi\u00f3n), as\u00ed como vicepresidenta y miembro de la Comisi\u00f3n Antidumping y de Derechos Compensatorios de Indecopi.<\/span><\/p>\n<p><span style=\"color: #000000;\"><strong>Enrique Mendoza <\/strong><\/span><br \/>\n<span style=\"color: #000000;\"> <strong>Justicia y Derechos Humanos<\/strong><\/span><\/p>\n<p><span style=\"color: #000000;\"><img decoding=\"async\" class=\"aligncenter size-full wp-image-15939\" src=\"http:\/\/elinformanteperu.com\/wp-content\/uploads\/2017\/09\/ppk-enrique-mendoza.jpg\" alt=\"\" width=\"500\" height=\"337\" srcset=\"https:\/\/elinformanteperu.com\/wp-content\/uploads\/2017\/09\/ppk-enrique-mendoza.jpg 500w, https:\/\/elinformanteperu.com\/wp-content\/uploads\/2017\/09\/ppk-enrique-mendoza-300x202.jpg 300w, https:\/\/elinformanteperu.com\/wp-content\/uploads\/2017\/09\/ppk-enrique-mendoza-128x86.jpg 128w, https:\/\/elinformanteperu.com\/wp-content\/uploads\/2017\/09\/ppk-enrique-mendoza-32x22.jpg 32w\" sizes=\"(max-width: 500px) 100vw, 500px\" \/>Enrique Javier Mendoza Ram\u00edrez es el nuevo titular de Justicia y Derechos Humanos en reemplazo de Mar\u00eda Soledad P\u00e9rez Tello.<\/span><\/p>\n<p><span style=\"color: #000000;\">Abogado de profesi\u00f3n, Mendoza fue juez supremo titular de la Corte Suprema de Justicia, se desempe\u00f1\u00f3 como presidente de la Sala Civil Transitoria de la Corte Suprema de Justicia y la Comisi\u00f3n de Levantamiento de Inmunidad Parlamentaria del Poder Judicial.<\/span><\/p>\n<p><span style=\"color: #000000;\">Tambi\u00e9n fue presidente del Poder Judicial y de la Corte Suprema de Justicia (2013 \u2013 2014), as\u00ed como jefe de la Oficina de Control de la Magistratura del Poder Judicial (OCMA) (2010 \u2013 2012) y titular del Jurado Nacional de Elecciones (2004 \u2013 2008).<\/span><\/p>\n<p><span style=\"color: #000000;\"><strong>Claudia Cooper<\/strong><\/span><br \/>\n<span style=\"color: #000000;\"> <strong>Econom\u00eda y Finanzas<\/strong><\/span><\/p>\n<p><span style=\"color: #000000;\"><img decoding=\"async\" class=\"aligncenter size-full wp-image-15940\" src=\"http:\/\/elinformanteperu.com\/wp-content\/uploads\/2017\/09\/ppk-claudia-cooper.jpg\" alt=\"\" width=\"500\" height=\"337\" srcset=\"https:\/\/elinformanteperu.com\/wp-content\/uploads\/2017\/09\/ppk-claudia-cooper.jpg 500w, https:\/\/elinformanteperu.com\/wp-content\/uploads\/2017\/09\/ppk-claudia-cooper-300x202.jpg 300w, https:\/\/elinformanteperu.com\/wp-content\/uploads\/2017\/09\/ppk-claudia-cooper-128x86.jpg 128w, https:\/\/elinformanteperu.com\/wp-content\/uploads\/2017\/09\/ppk-claudia-cooper-32x22.jpg 32w\" sizes=\"(max-width: 500px) 100vw, 500px\" \/>Claudia Mar\u00eda Amelia Teresa Cooper Fort, hasta hoy viceministra del MEF, asume el cargo de Econom\u00eda y Finanzas en reemplazo de Fernando Zavala.<\/span><\/p>\n<p><span style=\"color: #000000;\">Cooper es economista de profesi\u00f3n, realiz\u00f3 sus estudios en la Universidad del Pac\u00edfico y tiene un M\u00e1ster en la New York University.<\/span><\/p>\n<p><span style=\"color: #000000;\">Fue integrante del Gabinete de Asesores del MEF (2008 \u2013 2009), se desempe\u00f1\u00f3 como directora de la Corporaci\u00f3n Financiera de Desarrollo (Cofide), del Fondo de Seguro de Dep\u00f3sito y de la Superintendencia del Mercado de Valores (SMV).<\/span><\/p>\n<p><span style=\"color: #000000;\">En el sector privado, Cooper fue gerente de desarrollo de productos para inversionistas institucionales en Compass Group Per\u00fa, adem\u00e1s ocup\u00f3 diversos cargos en el Banco de Cr\u00e9dito del Per\u00fa.<\/span><\/p>\n<p><span style=\"color: #000000;\"><strong>Idel Vexler<\/strong><\/span><br \/>\n<span style=\"color: #000000;\"> <strong>Educaci\u00f3n<\/strong><\/span><\/p>\n<p><span style=\"color: #000000;\"><img loading=\"lazy\" decoding=\"async\" class=\"aligncenter size-full wp-image-15941\" src=\"http:\/\/elinformanteperu.com\/wp-content\/uploads\/2017\/09\/ppk-idel-vexler.jpg\" alt=\"\" width=\"500\" height=\"337\" srcset=\"https:\/\/elinformanteperu.com\/wp-content\/uploads\/2017\/09\/ppk-idel-vexler.jpg 500w, https:\/\/elinformanteperu.com\/wp-content\/uploads\/2017\/09\/ppk-idel-vexler-300x202.jpg 300w, https:\/\/elinformanteperu.com\/wp-content\/uploads\/2017\/09\/ppk-idel-vexler-128x86.jpg 128w, https:\/\/elinformanteperu.com\/wp-content\/uploads\/2017\/09\/ppk-idel-vexler-32x22.jpg 32w\" sizes=\"(max-width: 500px) 100vw, 500px\" \/>Idel Vexler asume el cargo de la cartera de Educaci\u00f3n en reemplazo de Maril\u00fa Martens. El educador, especialista en pol\u00edticas educativas p\u00fablicas, gesti\u00f3n, curr\u00edculo y evaluaci\u00f3n, es fundador e integrante del Foro Educativo y del Consejo Nacional de Educaci\u00f3n.<\/span><\/p>\n<p><span style=\"color: #000000;\">Fue viceministro de Educaci\u00f3n en gobiernos anteriores, presidente de la Comisi\u00f3n t\u00e9cnica que elabor\u00f3 la Ley General de Educaci\u00f3n vigente y recibi\u00f3 las Palmas Magisteriales en el grado de Educador y Maestro.<\/span><\/p>\n<p><span style=\"color: #000000;\">Es doctor honoris causa por la Universidad Inca Garcilaso de la Vega y la Universidad Nacional de Educaci\u00f3n Enrique Guzm\u00e1n y Valle, La Cantuta.<\/span><\/p>\n<p><span style=\"color: #000000;\">Recibi\u00f3 la Medalla de Honor Gran Cruz de la Universidad Nacional Mayor de San Marcos y la condecoraci\u00f3n como Gran Oficial de la Orden al M\u00e9rito por servicios distinguidos.<\/span><\/p>\n<p><span style=\"color: #000000;\"><strong>Fernando D\u2019Alessio<\/strong><\/span><br \/>\n<span style=\"color: #000000;\"> <strong>Salud<\/strong><\/span><\/p>\n<p><span style=\"color: #000000;\"><img loading=\"lazy\" decoding=\"async\" class=\"aligncenter size-full wp-image-15942\" src=\"http:\/\/elinformanteperu.com\/wp-content\/uploads\/2017\/09\/ppk-fernando-dalessio.jpg\" alt=\"\" width=\"500\" height=\"337\" srcset=\"https:\/\/elinformanteperu.com\/wp-content\/uploads\/2017\/09\/ppk-fernando-dalessio.jpg 500w, https:\/\/elinformanteperu.com\/wp-content\/uploads\/2017\/09\/ppk-fernando-dalessio-300x202.jpg 300w, https:\/\/elinformanteperu.com\/wp-content\/uploads\/2017\/09\/ppk-fernando-dalessio-128x86.jpg 128w, https:\/\/elinformanteperu.com\/wp-content\/uploads\/2017\/09\/ppk-fernando-dalessio-32x22.jpg 32w\" sizes=\"(max-width: 500px) 100vw, 500px\" \/>El investigador y profesor Fernando D\u2019Alessio asume la cartera de Salud en reemplazo de Patricia Garc\u00eda. Actualmente se desempe\u00f1a como profesor principal e investigador del \u00c1rea Acad\u00e9mica, Liderazgo y Direcci\u00f3n en Centrum Cat\u00f3lica Graduate Business School.<\/span><\/p>\n<p><span style=\"color: #000000;\">Es especialista en ingenier\u00eda de sistemas de control mec\u00e1nica \u2013 el\u00e9ctrica y nuclear y experto, en el rubro de la administraci\u00f3n de empresas, en las \u00e1reas de operaciones, log\u00edsticas, gerencia estrat\u00e9gica y liderazgo.<\/span><\/p>\n<p><span style=\"color: #000000;\">D\u2019Alessio, vicealmirante AP, es Doctor of Business Administration de la University of Phoenix (EEUU), y B.Sc. Mechanical Engineering de la U.S. Naval Postgraduate School (EEUU); M.Sc. in General Management de la Salve Regina University (EEUU); Bachiller en Ciencias Mar\u00edtimas de la Escuela Naval del Per\u00fa y graduado del Advanced Management Program en Harvard Business School, entre otros. Forma parte de importantes directorios y comit\u00e9s a nivel internacional.<\/span><\/p>\n<p><span style=\"color: #000000;\"><strong>Carlos Bruce<\/strong><\/span><br \/>\n<span style=\"color: #000000;\"> <strong>Vivienda, Construcci\u00f3n y Saneamiento<\/strong><\/span><\/p>\n<p><span style=\"color: #000000;\"><img loading=\"lazy\" decoding=\"async\" class=\"aligncenter size-full wp-image-15943\" src=\"http:\/\/elinformanteperu.com\/wp-content\/uploads\/2017\/09\/ppk-bruce.jpg\" alt=\"\" width=\"500\" height=\"337\" srcset=\"https:\/\/elinformanteperu.com\/wp-content\/uploads\/2017\/09\/ppk-bruce.jpg 500w, https:\/\/elinformanteperu.com\/wp-content\/uploads\/2017\/09\/ppk-bruce-300x202.jpg 300w, https:\/\/elinformanteperu.com\/wp-content\/uploads\/2017\/09\/ppk-bruce-128x86.jpg 128w, https:\/\/elinformanteperu.com\/wp-content\/uploads\/2017\/09\/ppk-bruce-32x22.jpg 32w\" sizes=\"(max-width: 500px) 100vw, 500px\" \/><\/span><\/p>\n<p><span style=\"color: #000000;\">Carlos Ricardo Bruce Montes de Oca, actual congresista de la Rep\u00fablica, reemplaza a Edmer Trujillo en la cartera de Vivienda, Construcci\u00f3n y Saneamiento.<\/span><\/p>\n<p><span style=\"color: #000000;\">Ha sido ministro de la Presidencia y de Vivienda y Construcci\u00f3n, presidente de la Asociaci\u00f3n de Exportadores (ADEX) y actualmente es miembro del Consejo Directivo de Confiep.<\/span><\/p>\n<p><span style=\"color: #000000;\">Desde el 2006 es congresista de la Rep\u00fablica, elegido en tres periodos consecutivos. En este Poder del Estado ha ocupado, entre otros cargos, la presidencia de la Comisi\u00f3n de Comercio Exterior y Turismo y vocero del Grupo Parlamentario Peruanos por el Kambio (PPK). En la actualidad presidente de la Comisi\u00f3n de Econom\u00eda, Banca y Finanzas.<\/span><\/p>\n<p><img loading=\"lazy\" decoding=\"async\" class=\"aligncenter size-full wp-image-15928\" src=\"http:\/\/elinformanteperu.com\/wp-content\/uploads\/2017\/09\/gabinete-araoz1.jpg\" alt=\"\" width=\"1800\" height=\"1213\" srcset=\"https:\/\/elinformanteperu.com\/wp-content\/uploads\/2017\/09\/gabinete-araoz1.jpg 1800w, https:\/\/elinformanteperu.com\/wp-content\/uploads\/2017\/09\/gabinete-araoz1-300x202.jpg 300w, https:\/\/elinformanteperu.com\/wp-content\/uploads\/2017\/09\/gabinete-araoz1-768x518.jpg 768w, https:\/\/elinformanteperu.com\/wp-content\/uploads\/2017\/09\/gabinete-araoz1-1024x690.jpg 1024w, https:\/\/elinformanteperu.com\/wp-content\/uploads\/2017\/09\/gabinete-araoz1-128x86.jpg 128w, https:\/\/elinformanteperu.com\/wp-content\/uploads\/2017\/09\/gabinete-araoz1-32x22.jpg 32w\" sizes=\"(max-width: 1800px) 100vw, 1800px\" \/><\/p>\n","protected":false},"excerpt":{"rendered":"<p>El remozado Gabinete Ministerial, que jurament\u00f3 en el Patio de Honor de Palacio de Gobierno, cuenta con seis nuevos integrantes. Lima, 17 Setiembre 2017, (ANDINA).- El remozado Gabinete Ministerial, que jurament\u00f3 en el Patio de Honor de Palacio de Gobierno, cuenta con seis nuevos integrantes y la ratificaci\u00f3n de otros 13 ministros que acompa\u00f1aron las [&hellip;]<\/p>\n","protected":false},"author":1,"featured_media":15938,"comment_status":"open","ping_status":"open","sticky":false,"template":"","format":"standard","meta":{"rop_custom_images_group":[],"rop_custom_messages_group":[],"rop_publish_now":"initial","rop_publish_now_accounts":[],"rop_publish_now_history":[],"rop_publish_now_status":"pending","footnotes":""},"categories":[5],"tags":[79,189,74,1421,73],"class_list":["post-15937","post","type-post","status-publish","format-standard","has-post-thumbnail","hentry","category-actualidad-informativa","tag-mercedes-araoz","tag-pcm","tag-pedro-pablo-kuczynski","tag-poder-ejecutivo","tag-ppk"],"_links":{"self":[{"href":"https:\/\/elinformanteperu.com\/index.php\/wp-json\/wp\/v2\/posts\/15937","targetHints":{"allow":["GET"]}}],"collection":[{"href":"https:\/\/elinformanteperu.com\/index.php\/wp-json\/wp\/v2\/posts"}],"about":[{"href":"https:\/\/elinformanteperu.com\/index.php\/wp-json\/wp\/v2\/types\/post"}],"author":[{"embeddable":true,"href":"https:\/\/elinformanteperu.com\/index.php\/wp-json\/wp\/v2\/users\/1"}],"replies":[{"embeddable":true,"href":"https:\/\/elinformanteperu.com\/index.php\/wp-json\/wp\/v2\/comments?post=15937"}],"version-history":[{"count":2,"href":"https:\/\/elinformanteperu.com\/index.php\/wp-json\/wp\/v2\/posts\/15937\/revisions"}],"predecessor-version":[{"id":15950,"href":"https:\/\/elinformanteperu.com\/index.php\/wp-json\/wp\/v2\/posts\/15937\/revisions\/15950"}],"wp:featuredmedia":[{"embeddable":true,"href":"https:\/\/elinformanteperu.com\/index.php\/wp-json\/wp\/v2\/media\/15938"}],"wp:attachment":[{"href":"https:\/\/elinformanteperu.com\/index.php\/wp-json\/wp\/v2\/media?parent=15937"}],"wp:term":[{"taxonomy":"category","embeddable":true,"href":"https:\/\/elinformanteperu.com\/index.php\/wp-json\/wp\/v2\/categories?post=15937"},{"taxonomy":"post_tag","embeddable":true,"href":"https:\/\/elinformanteperu.com\/index.php\/wp-json\/wp\/v2\/tags?post=15937"}],"curies":[{"name":"wp","href":"https:\/\/api.w.org\/{rel}","templated":true}]}}