{"id":15920,"date":"2017-09-17T22:44:06","date_gmt":"2017-09-18T03:44:06","guid":{"rendered":"http:\/\/elinformanteperu.com\/?p=15920"},"modified":"2017-09-17T22:44:06","modified_gmt":"2017-09-18T03:44:06","slug":"lescano-alista-demanda-de-inconstitucionalidad-contra-bancada-mixta","status":"publish","type":"post","link":"https:\/\/elinformanteperu.com\/index.php\/2017\/09\/17\/lescano-alista-demanda-de-inconstitucionalidad-contra-bancada-mixta\/","title":{"rendered":"Lescano alista demanda de inconstitucionalidad contra bancada mixta"},"content":{"rendered":"<p><strong><span style=\"color: #000000;\">El congresista Yonhy Lescano, inform\u00f3 que presentar\u00e1 una demanda de inconstitucionalidad contra la ley que permite la creaci\u00f3n de la bancada mixta en el Congreso.<\/span><\/strong><\/p>\n<p><span style=\"color: #000000;\"><strong>Lima, 17 Setiembre 2017, (ANDINA).-<\/strong> El congresista de Acci\u00f3n Popular (AP), Yonhy Lescano, inform\u00f3 que presentar\u00e1 una demanda de inconstitucionalidad contra la ley que permite la creaci\u00f3n de la bancada mixta en el Congreso.<\/span><\/p>\n<p><span style=\"color: #000000;\">El legislador sostuvo que la creaci\u00f3n de la mencionada bancada mixta, viola la sentencia dispuesta por el TC, la cual declaraba inconstitucional parte de la ley antitransfuguismo.<\/span><\/p>\n<p><span style=\"color: #000000;\">La demanda ser\u00e1 presentada ante el Tribunal Constitucional, dijo.<\/span><\/p>\n<p><span style=\"color: #000000;\">\u201cEn estos momentos tenemos que presentar otra demanda porque tenemos que respetar la democracia (\u2026) tenemos que presentarla todos los que disentimos, ya lo estamos redactando\u201d, recalc\u00f3.<\/span><\/p>\n<p><span style=\"color: #000000;\">Enfatiz\u00f3 que el Congreso tiene que acatar la sentencia del TC, sino estar\u00edan exponiendo una actitud dictatorial y mucho menos estar\u00edan respetando la Constituci\u00f3n.<\/span><\/p>\n<p><span style=\"color: #000000;\">\u201cEl TC ha dicho que los congresistas que se encuentra en esa situaci\u00f3n de no tener bancada, leg\u00edtimamente pueden adherirse a una existente o conformar otro grupo parlamentario en ejercicio de sus derechos constitucionales\u201d, recalc\u00f3 el legislador.<\/span><\/p>\n<p><span style=\"color: #000000;\">Lescano de Acci\u00f3n Popular tambi\u00e9n pidi\u00f3 que el TC haga un pronunciamiento claro y exhorte al Legislativo a respetar las resoluciones que emita para que no exista un mal precedente.<\/span><\/p>\n","protected":false},"excerpt":{"rendered":"<p>El congresista Yonhy Lescano, inform\u00f3 que presentar\u00e1 una demanda de inconstitucionalidad contra la ley que permite la creaci\u00f3n de la bancada mixta en el Congreso. Lima, 17 Setiembre 2017, (ANDINA).- El congresista de Acci\u00f3n Popular (AP), Yonhy Lescano, inform\u00f3 que presentar\u00e1 una demanda de inconstitucionalidad contra la ley que permite la creaci\u00f3n de la bancada [&hellip;]<\/p>\n","protected":false},"author":1,"featured_media":15921,"comment_status":"open","ping_status":"open","sticky":false,"template":"","format":"standard","meta":{"rop_custom_images_group":[],"rop_custom_messages_group":[],"rop_publish_now":"initial","rop_publish_now_accounts":[],"rop_publish_now_history":[],"rop_publish_now_status":"pending","footnotes":""},"categories":[5],"tags":[326,192,1402,1401,475],"class_list":["post-15920","post","type-post","status-publish","format-standard","has-post-thumbnail","hentry","category-actualidad-informativa","tag-accion-popular","tag-congreso","tag-tc","tag-tribunal-constitucional","tag-yonhy-lescano"],"_links":{"self":[{"href":"https:\/\/elinformanteperu.com\/index.php\/wp-json\/wp\/v2\/posts\/15920","targetHints":{"allow":["GET"]}}],"collection":[{"href":"https:\/\/elinformanteperu.com\/index.php\/wp-json\/wp\/v2\/posts"}],"about":[{"href":"https:\/\/elinformanteperu.com\/index.php\/wp-json\/wp\/v2\/types\/post"}],"author":[{"embeddable":true,"href":"https:\/\/elinformanteperu.com\/index.php\/wp-json\/wp\/v2\/users\/1"}],"replies":[{"embeddable":true,"href":"https:\/\/elinformanteperu.com\/index.php\/wp-json\/wp\/v2\/comments?post=15920"}],"version-history":[{"count":1,"href":"https:\/\/elinformanteperu.com\/index.php\/wp-json\/wp\/v2\/posts\/15920\/revisions"}],"predecessor-version":[{"id":15922,"href":"https:\/\/elinformanteperu.com\/index.php\/wp-json\/wp\/v2\/posts\/15920\/revisions\/15922"}],"wp:featuredmedia":[{"embeddable":true,"href":"https:\/\/elinformanteperu.com\/index.php\/wp-json\/wp\/v2\/media\/15921"}],"wp:attachment":[{"href":"https:\/\/elinformanteperu.com\/index.php\/wp-json\/wp\/v2\/media?parent=15920"}],"wp:term":[{"taxonomy":"category","embeddable":true,"href":"https:\/\/elinformanteperu.com\/index.php\/wp-json\/wp\/v2\/categories?post=15920"},{"taxonomy":"post_tag","embeddable":true,"href":"https:\/\/elinformanteperu.com\/index.php\/wp-json\/wp\/v2\/tags?post=15920"}],"curies":[{"name":"wp","href":"https:\/\/api.w.org\/{rel}","templated":true}]}}