{"id":1591,"date":"2016-11-22T20:25:49","date_gmt":"2016-11-23T01:25:49","guid":{"rendered":"http:\/\/elinformanteperu.com\/?p=1591"},"modified":"2016-11-22T20:25:49","modified_gmt":"2016-11-23T01:25:49","slug":"no-estuvimos-a-la-altura-de-la-historia-de-alianza-lima-senala-uruguayo-walter-ibanez","status":"publish","type":"post","link":"https:\/\/elinformanteperu.com\/index.php\/2016\/11\/22\/no-estuvimos-a-la-altura-de-la-historia-de-alianza-lima-senala-uruguayo-walter-ibanez\/","title":{"rendered":"\u00abNo estuvimos a la altura de la historia de Alianza Lima\u00bb, se\u00f1ala uruguayo Walter Ib\u00e1\u00f1ez"},"content":{"rendered":"<p style=\"text-align: justify;\"><strong>El defensor uruguayo y capit\u00e1n de Alianza Lima, Walter Ib\u00e1\u00f1ez, reconoci\u00f3 que el plantel blanquiazul fue muy irregular y no estuvo a la altura de la instituci\u00f3n a lo largo de la temporada 2016.<\/strong><\/p>\n<p style=\"text-align: justify;\"><strong>Lima, 22 Noviembre 2016, (ANDINA).-<\/strong> El defensor uruguayo y capit\u00e1n de Alianza Lima, Walter Ib\u00e1\u00f1ez, reconoci\u00f3 que el plantel blanquiazul fue muy irregular y no estuvo a la altura de la instituci\u00f3n a lo largo de la temporada 2016.<\/p>\n<p style=\"text-align: justify;\">Alianza Lima inici\u00f3 el presente a\u00f1o con la medi\u00e1tica incorporaci\u00f3n de Roberto Mosquera como director t\u00e9cnico y los fichajes de jugadores reconocidos en el medio local; pese a ello, el elenco victoriano no fue constante y perdi\u00f3 muchos partidos en condici\u00f3n de local.<\/p>\n<p style=\"text-align: justify;\">\u00abEl momento que vivimos es bastante complicado porque ten\u00edamos la ilusi\u00f3n de estar entre los cuatro primeros del campeonato, pero no se pudo. Somos conscientes que no rendimos, tuvimos muchas altas y bajas; sin embargo, ahora solo queda acabar de manera digna el campeonato para asegurar un cupo a un torneo internacional\u00bb, manifest\u00f3 Ib\u00e1\u00f1ez a Radio Ovaci\u00f3n.<\/p>\n<p style=\"text-align: justify;\">Actualmente, Alianza Lima dirigido interinamente por Juan Jayo, se ubica en la quinta ubicaci\u00f3n con 62 unidades tras caer apabullado ante Alianza Atl\u00e9tico de Sullana (4-0).<\/p>\n<p style=\"text-align: justify;\">\u00abYo llegu\u00e9 a Alianza con toda la ilusi\u00f3n de hacer bien las cosas y si bien no salieron como esperaba, siempre estuve donde jug\u00f3 Alianza. Por ello, pude o no haber rendido, pero me voy con la cabeza en alto por el cari\u00f1o que siempre mostr\u00e9 con esta camiseta. Yo comprendo la molestia del hinchas, pero hubo cosas que no supimos controlarlas y no hay excusas que valgan, simplemente no estuvimos a la altura del caso\u00bb, enfatiz\u00f3.<\/p>\n","protected":false},"excerpt":{"rendered":"<p>El defensor uruguayo y capit\u00e1n de Alianza Lima, Walter Ib\u00e1\u00f1ez, reconoci\u00f3 que el plantel blanquiazul fue muy irregular y no estuvo a la altura de la instituci\u00f3n a lo largo de la temporada 2016. Lima, 22 Noviembre 2016, (ANDINA).- El defensor uruguayo y capit\u00e1n de Alianza Lima, Walter Ib\u00e1\u00f1ez, reconoci\u00f3 que el plantel blanquiazul fue [&hellip;]<\/p>\n","protected":false},"author":1,"featured_media":1592,"comment_status":"open","ping_status":"open","sticky":false,"template":"","format":"standard","meta":{"rop_custom_images_group":[],"rop_custom_messages_group":[],"rop_publish_now":"initial","rop_publish_now_accounts":[],"rop_publish_now_history":[],"rop_publish_now_status":"pending","footnotes":""},"categories":[8],"tags":[250,91,269],"class_list":["post-1591","post","type-post","status-publish","format-standard","has-post-thumbnail","hentry","category-disciplinas-deportivas","tag-alianza-atletico","tag-alianza-lima","tag-walter-ibanez"],"_links":{"self":[{"href":"https:\/\/elinformanteperu.com\/index.php\/wp-json\/wp\/v2\/posts\/1591","targetHints":{"allow":["GET"]}}],"collection":[{"href":"https:\/\/elinformanteperu.com\/index.php\/wp-json\/wp\/v2\/posts"}],"about":[{"href":"https:\/\/elinformanteperu.com\/index.php\/wp-json\/wp\/v2\/types\/post"}],"author":[{"embeddable":true,"href":"https:\/\/elinformanteperu.com\/index.php\/wp-json\/wp\/v2\/users\/1"}],"replies":[{"embeddable":true,"href":"https:\/\/elinformanteperu.com\/index.php\/wp-json\/wp\/v2\/comments?post=1591"}],"version-history":[{"count":1,"href":"https:\/\/elinformanteperu.com\/index.php\/wp-json\/wp\/v2\/posts\/1591\/revisions"}],"predecessor-version":[{"id":1593,"href":"https:\/\/elinformanteperu.com\/index.php\/wp-json\/wp\/v2\/posts\/1591\/revisions\/1593"}],"wp:featuredmedia":[{"embeddable":true,"href":"https:\/\/elinformanteperu.com\/index.php\/wp-json\/wp\/v2\/media\/1592"}],"wp:attachment":[{"href":"https:\/\/elinformanteperu.com\/index.php\/wp-json\/wp\/v2\/media?parent=1591"}],"wp:term":[{"taxonomy":"category","embeddable":true,"href":"https:\/\/elinformanteperu.com\/index.php\/wp-json\/wp\/v2\/categories?post=1591"},{"taxonomy":"post_tag","embeddable":true,"href":"https:\/\/elinformanteperu.com\/index.php\/wp-json\/wp\/v2\/tags?post=1591"}],"curies":[{"name":"wp","href":"https:\/\/api.w.org\/{rel}","templated":true}]}}