{"id":15848,"date":"2017-09-17T12:34:51","date_gmt":"2017-09-17T17:34:51","guid":{"rendered":"http:\/\/elinformanteperu.com\/?p=15848"},"modified":"2017-09-17T12:34:51","modified_gmt":"2017-09-17T17:34:51","slug":"somos-refugiados-pero-podria-decirse-rechazados","status":"publish","type":"post","link":"https:\/\/elinformanteperu.com\/index.php\/2017\/09\/17\/somos-refugiados-pero-podria-decirse-rechazados\/","title":{"rendered":"Somos refugiados, pero podr\u00eda decirse rechazados"},"content":{"rendered":"<p><span style=\"color: #000000;\"><strong>Opini\u00f3n de Sinay S\u00e1nchez. 65,6 millones de personas huyeron de sus hogares a causa de la violencia, la guerra o la persecuci\u00f3n en 2016. Lo peor de la guerra es el silencio. No saber qu\u00e9 va a pasar.<\/strong><\/span><\/p>\n<p><span style=\"color: #000000;\"><strong>Madrid, 17 Setiembre 2017, (Especial para El Informante Per\u00fa).-<\/strong>\u00a0Cada minuto se producen 20 desplazamientos forzosos en el mundo. La guerra, la violencia, la persecuci\u00f3n o la violaci\u00f3n sistem\u00e1tica de los derechos humanos han obligado a 65,6 millones de personas a huir de sus hogares en 2016. Esta cifra representa 10,3 millones m\u00e1s que en 2015, per\u00edodo en el que el mundo pareci\u00f3 abrir los ojos ante el conflicto civil sirio, que para entonces ya sumaba cuatro a\u00f1os de escalada.<\/span><\/p>\n<p><span style=\"color: #000000;\">Irak, Afganist\u00e1n, Yemen, Rep\u00fablica Democr\u00e1tica del Congo, Rep\u00fablica Centroafricana o Sud\u00e1n del Sur tambi\u00e9n se suman a la lista de pa\u00edses en conflicto.<\/span><\/p>\n<p><span style=\"color: #000000;\">Mientras millones de personas arriesgan su vida en peligrosas traves\u00edas por tierra y mar, pagan desorbitadas cantidades econ\u00f3micas en busca de refugio o mueren en el intento, la comunidad internacional paree impasible ante la puesta en marcha de leyes, tratados y acuerdos internacionales sobre protecci\u00f3n de refugiados.<\/span><\/p>\n<p><span style=\"color: #000000;\">(As\u00ed lo demuestra la historia de Marah Rayan, una joven refugiada palestina ap\u00e1trida que fue criada en Siria hasta que tuvo que salir del pa\u00eds a causa de la contienda.)<\/span><\/p>\n<p><span style=\"color: #000000;\">Seg\u00fan Naciones Unidas, una persona ap\u00e1trida es \u201caquella que no es reconocida por ning\u00fan pa\u00eds como ciudadano acorde a su legislaci\u00f3n\u201d, y cuyo marco legal se encuadra en la Convenci\u00f3n sobre el Estatuto de los Ap\u00e1tridas de 1954 y en la Convenci\u00f3n de 1961, ambas aprobadas por la Asamblea General de Naciones Unidas. Se trata de un limbo legal que afecta a unos diez millones de personas en el mundo.<\/span><\/p>\n<p><span style=\"color: #000000;\">La historia de Marah se remonta a 1948, cuando sus abuelos maternos y paternos salieron de Palestina para establecerse en Jordania y Siria respectivamente tras el primer conflicto \u00e1rabe-israel\u00ed. Su madre adopt\u00f3 la nacionalidad jordana, mientras que su padre permaneci\u00f3 como refugiado palestino ap\u00e1trida en Siria sin ninguna posibilidad de reconocimiento debido a las leyes del pa\u00eds, condici\u00f3n legal que tambi\u00e9n adopt\u00f3 Marah desde su nacimiento, y que comparten m\u00e1s de 5 millones de personas.<\/span><\/p>\n<p><span style=\"color: #000000;\">Tras haber vivido 13 a\u00f1os en Siria, tuvo que trasladarse a Jordania durante tres a\u00f1os por problemas familiares. \u201cDespu\u00e9s de este tiempo volv\u00ed a Siria y solo seis meses despu\u00e9s estall\u00f3 la guerra en marzo de 2011\u201d, cuenta Marah. \u201cTodos sab\u00edamos que algo iba a pasar en Siria. El presidente reprimi\u00f3 las manifestaciones\u201d, explica refiri\u00e9ndose a la ola de protestas en Oriente Medio y Norte de \u00c1frica en la Primavera \u00c1rabe, que se expandieron a suelo sirio.<\/span><\/p>\n<p><span style=\"color: #000000;\">\u201cEntonces, nos mudamos a una zona residencial de Damasco donde se ubicaba una f\u00e1brica de alimentaci\u00f3n. Eso era lo que todo el mundo cre\u00eda antes de la guerra. Cuando estall\u00f3 el conflicto, nos dimos cuenta de que realmente produc\u00eda armamento biol\u00f3gico y que pertenec\u00eda al gobierno de Bashar al Assad\u201d, contin\u00faa. Aquel enclave se encontraba a medio camino entre el frente del Ej\u00e9rcito sirio y el de los rebeldes. \u201cEstuvimos viviendo en la frontera de la guerra. Una vez el ej\u00e9rcito sirio entr\u00f3 a mi casa y nos cogi\u00f3 como rehenes porque \u00e9ramos civiles y pensaban que los rebeldes no iban a disparar. Lo que la gente no sabe es que a los rebeldes tampoco le importan los civiles, as\u00ed que dispararon\u201d, recuerda.<\/span><\/p>\n<p><span style=\"color: #000000;\">Marah cursaba estudios de Filolog\u00eda Inglesa e intentaba llevar una vida normal pese al conflicto. \u201cLo peor de la guerra es el silencio. No saber qu\u00e9 va a pasar. Se presentan cuestiones como volver de la universidad y no encontrar a tu familia o a tus amigos. Hay bombardeos, escasez de alimentos, cortes de electricidad\u2026\u201d.<\/span><\/p>\n<p><span style=\"color: #000000;\">En 2013, Marah solicit\u00f3 una beca Erasmus para poder salir del pa\u00eds. \u201cLlegu\u00e9 a Espa\u00f1a en septiembre y empec\u00e9 a estudiar Comunicaci\u00f3n Audiovisual en la Universidad de Salamanca\u201d, cuenta. \u201cHabl\u00e9 con varios abogados para hacer reagrupaci\u00f3n familiar, porque mi familia se encontraba en Suiza, pero esto no era posible\u201d. Si la situaci\u00f3n jur\u00eddica de los refugiados ya es complicada, la condici\u00f3n de ap\u00e1trida de Marah dificulta el proceso legal para buscar su protecci\u00f3n en Espa\u00f1a.<\/span><\/p>\n<p><span style=\"color: #000000;\">\u201cSomos refugiados, pero podr\u00edan llamarnos rechazados\u201d, dice Marah. \u201cDesde las administraciones acorralan a los refugiados. Europa no quiere acoger, no quiere hacer nada, a\u00fan sabiendo lo que est\u00e1 pasando\u201d, se queja. \u201cLos refugiados sirios, palestinos, africanos, asi\u00e1ticos o de cualquier lugar tambi\u00e9n son seres humanos y con cada uno hay una historia\u201d.<\/span><\/p>\n<p><span style=\"color: #000000;\">Marah ha conseguido graduarse y elabora una plataforma para desmontar los prejuicios en torno a millones de ni\u00f1os y j\u00f3venes refugiados, para que ellos mismos expliquen sus diferentes realidades, no s\u00f3lo los medios de comunicaci\u00f3n. Adem\u00e1s, esta joven trabaja como int\u00e9rprete voluntaria de espa\u00f1ol, \u00e1rabe e ingl\u00e9s con Cruz Roja y ACCEM ONG. Sue\u00f1a con convertirse en corresponsal y documentalista para poder contar las historias de aquellos que m\u00e1s lo necesitan y as\u00ed acercar las realidades que conforman el mundo.<\/span><\/p>\n<p><strong><span style=\"color: #000000;\">(*) Sinay S\u00e1nchez. Periodista.<\/span><\/strong><\/p>\n","protected":false},"excerpt":{"rendered":"<p>Opini\u00f3n de Sinay S\u00e1nchez. 65,6 millones de personas huyeron de sus hogares a causa de la violencia, la guerra o la persecuci\u00f3n en 2016. Lo peor de la guerra es el silencio. No saber qu\u00e9 va a pasar. Madrid, 17 Setiembre 2017, (Especial para El Informante Per\u00fa).-\u00a0Cada minuto se producen 20 desplazamientos forzosos en el [&hellip;]<\/p>\n","protected":false},"author":1,"featured_media":15849,"comment_status":"open","ping_status":"open","sticky":false,"template":"","format":"standard","meta":{"rop_custom_images_group":[],"rop_custom_messages_group":[],"rop_publish_now":"initial","rop_publish_now_accounts":[],"rop_publish_now_history":[],"rop_publish_now_status":"pending","footnotes":""},"categories":[11],"tags":[2164,2163,1699,2162],"class_list":["post-15848","post","type-post","status-publish","format-standard","has-post-thumbnail","hentry","category-opinion-libre","tag-ccs","tag-centro-de-colaboraciones-solidarias","tag-opinion-libre","tag-sinay-sanchez"],"_links":{"self":[{"href":"https:\/\/elinformanteperu.com\/index.php\/wp-json\/wp\/v2\/posts\/15848","targetHints":{"allow":["GET"]}}],"collection":[{"href":"https:\/\/elinformanteperu.com\/index.php\/wp-json\/wp\/v2\/posts"}],"about":[{"href":"https:\/\/elinformanteperu.com\/index.php\/wp-json\/wp\/v2\/types\/post"}],"author":[{"embeddable":true,"href":"https:\/\/elinformanteperu.com\/index.php\/wp-json\/wp\/v2\/users\/1"}],"replies":[{"embeddable":true,"href":"https:\/\/elinformanteperu.com\/index.php\/wp-json\/wp\/v2\/comments?post=15848"}],"version-history":[{"count":1,"href":"https:\/\/elinformanteperu.com\/index.php\/wp-json\/wp\/v2\/posts\/15848\/revisions"}],"predecessor-version":[{"id":15850,"href":"https:\/\/elinformanteperu.com\/index.php\/wp-json\/wp\/v2\/posts\/15848\/revisions\/15850"}],"wp:featuredmedia":[{"embeddable":true,"href":"https:\/\/elinformanteperu.com\/index.php\/wp-json\/wp\/v2\/media\/15849"}],"wp:attachment":[{"href":"https:\/\/elinformanteperu.com\/index.php\/wp-json\/wp\/v2\/media?parent=15848"}],"wp:term":[{"taxonomy":"category","embeddable":true,"href":"https:\/\/elinformanteperu.com\/index.php\/wp-json\/wp\/v2\/categories?post=15848"},{"taxonomy":"post_tag","embeddable":true,"href":"https:\/\/elinformanteperu.com\/index.php\/wp-json\/wp\/v2\/tags?post=15848"}],"curies":[{"name":"wp","href":"https:\/\/api.w.org\/{rel}","templated":true}]}}