{"id":15842,"date":"2017-09-17T01:52:07","date_gmt":"2017-09-17T06:52:07","guid":{"rendered":"http:\/\/elinformanteperu.com\/?p=15842"},"modified":"2017-09-17T02:05:22","modified_gmt":"2017-09-17T07:05:22","slug":"mercedes-araoz-asumira-la-presidencia-del-consejo-de-ministros","status":"publish","type":"post","link":"https:\/\/elinformanteperu.com\/index.php\/2017\/09\/17\/mercedes-araoz-asumira-la-presidencia-del-consejo-de-ministros\/","title":{"rendered":"Mercedes Ar\u00e1oz asumir\u00e1 la Presidencia del Consejo de Ministros"},"content":{"rendered":"<p><strong><span style=\"color: #000000;\">Mercedes Ar\u00e1oz, segunda vicepresidenta de la Rep\u00fablica y congresista de Peruanos por el Kambio (PPK) ser\u00e1 la nueva presidenta del Consejo de Ministros (PCM).<\/span><\/strong><\/p>\n<p><span style=\"color: #000000;\"><strong>Lima, 16 Setiembre 2017, (El Informante Per\u00fa).-<\/strong> Mercedes Ar\u00e1oz, segunda vicepresidenta de la Rep\u00fablica y congresista de Peruanos por el Kambio (PPK) ser\u00e1 la nueva presidenta del Consejo de Ministros seg\u00fan fuente del ejecutivo adelant\u00f3 hoy el diario El comercio.<\/span><\/p>\n<p><span style=\"color: #000000;\">Ar\u00e1oz es economista con estudios en la Universidad del Pac\u00edfico y la Universidad de Miami, y ya ha integrado otros gabinetes. En el segundo gobierno de Alan Garc\u00eda, fue ministra de Comercio Exterior y Turismo, Producci\u00f3n y de Econom\u00eda y Finanzas.<\/span><\/p>\n<p><strong><span style=\"color: #000000;\">Los cambios<\/span><\/strong><\/p>\n<p><span style=\"color: #000000;\">Seg\u00fan el diario El Comercio dejar\u00edan el Gabinete las ministras de Salud, Justicia y Educaci\u00f3n, Patricia Garc\u00eda, Marisol P\u00e9rez Tello y Maril\u00fa Martens, respectivamente.<\/span><\/p>\n<p><span style=\"color: #000000;\">En el Ministerio de Vivienda ser\u00eda designado el congresista Carlos Bruce.<\/span><\/p>\n<p><span style=\"color: #000000;\">A Justicia ir\u00eda el ex presidente de la Corte Suprema Enrique Mendoza. Para Educaci\u00f3n se barajaban los nombres de Hugo \u00d1opo, Hugo D\u00edaz e Idel Vexler.<\/span><\/p>\n<p><span style=\"color: #000000;\">PPK eval\u00faa la posibilidad de que el saliente primer ministro, Fernando Zavala, se mantenga al frente del Ministerio de Econom\u00eda y Finanzas. No se descartar\u00eda que la viceministra Claudia Cooper asuma el sector.<\/span><\/p>\n<p><span style=\"color: #000000;\">Por su parte el diario La Rep\u00fablica detall\u00f3 que durante las reuniones que el presidente Pedro Pablo Kuczynski tuvo el s\u00e1bado con representantes de diferentes bancadas parlamentarias \u00abhubo consenso en que Mercedes Ar\u00e1oz es una de las personas adecuadas para tender puentes entre el Ejecutivo y el Legislativo\u00bb.<\/span><\/p>\n<p><span style=\"color: #000000;\">Finalmente otros medios locales se\u00f1alan que gran parte de los ministros del gabinete de Zavala se mantendr\u00e1n en sus carteras y recordaron que la Constituci\u00f3n faculta al presidente a disolver el Congreso y convocar nuevas elecciones si el Ejecutivo es censurado por segunda vez durante su mandato.<\/span><\/p>\n","protected":false},"excerpt":{"rendered":"<p>Mercedes Ar\u00e1oz, segunda vicepresidenta de la Rep\u00fablica y congresista de Peruanos por el Kambio (PPK) ser\u00e1 la nueva presidenta del Consejo de Ministros (PCM). Lima, 16 Setiembre 2017, (El Informante Per\u00fa).- Mercedes Ar\u00e1oz, segunda vicepresidenta de la Rep\u00fablica y congresista de Peruanos por el Kambio (PPK) ser\u00e1 la nueva presidenta del Consejo de Ministros seg\u00fan [&hellip;]<\/p>\n","protected":false},"author":1,"featured_media":2946,"comment_status":"open","ping_status":"open","sticky":false,"template":"","format":"standard","meta":{"rop_custom_images_group":[],"rop_custom_messages_group":[],"rop_publish_now":"initial","rop_publish_now_accounts":[],"rop_publish_now_history":[],"rop_publish_now_status":"pending","footnotes":""},"categories":[5],"tags":[79,189,74,1421],"class_list":["post-15842","post","type-post","status-publish","format-standard","has-post-thumbnail","hentry","category-actualidad-informativa","tag-mercedes-araoz","tag-pcm","tag-pedro-pablo-kuczynski","tag-poder-ejecutivo"],"_links":{"self":[{"href":"https:\/\/elinformanteperu.com\/index.php\/wp-json\/wp\/v2\/posts\/15842","targetHints":{"allow":["GET"]}}],"collection":[{"href":"https:\/\/elinformanteperu.com\/index.php\/wp-json\/wp\/v2\/posts"}],"about":[{"href":"https:\/\/elinformanteperu.com\/index.php\/wp-json\/wp\/v2\/types\/post"}],"author":[{"embeddable":true,"href":"https:\/\/elinformanteperu.com\/index.php\/wp-json\/wp\/v2\/users\/1"}],"replies":[{"embeddable":true,"href":"https:\/\/elinformanteperu.com\/index.php\/wp-json\/wp\/v2\/comments?post=15842"}],"version-history":[{"count":2,"href":"https:\/\/elinformanteperu.com\/index.php\/wp-json\/wp\/v2\/posts\/15842\/revisions"}],"predecessor-version":[{"id":15847,"href":"https:\/\/elinformanteperu.com\/index.php\/wp-json\/wp\/v2\/posts\/15842\/revisions\/15847"}],"wp:featuredmedia":[{"embeddable":true,"href":"https:\/\/elinformanteperu.com\/index.php\/wp-json\/wp\/v2\/media\/2946"}],"wp:attachment":[{"href":"https:\/\/elinformanteperu.com\/index.php\/wp-json\/wp\/v2\/media?parent=15842"}],"wp:term":[{"taxonomy":"category","embeddable":true,"href":"https:\/\/elinformanteperu.com\/index.php\/wp-json\/wp\/v2\/categories?post=15842"},{"taxonomy":"post_tag","embeddable":true,"href":"https:\/\/elinformanteperu.com\/index.php\/wp-json\/wp\/v2\/tags?post=15842"}],"curies":[{"name":"wp","href":"https:\/\/api.w.org\/{rel}","templated":true}]}}