{"id":15830,"date":"2017-09-17T01:28:58","date_gmt":"2017-09-17T06:28:58","guid":{"rendered":"http:\/\/elinformanteperu.com\/?p=15830"},"modified":"2017-09-17T01:28:58","modified_gmt":"2017-09-17T06:28:58","slug":"mausoleo-de-comas-tribunal-desestima-pedido-de-intangibilidad","status":"publish","type":"post","link":"https:\/\/elinformanteperu.com\/index.php\/2017\/09\/17\/mausoleo-de-comas-tribunal-desestima-pedido-de-intangibilidad\/","title":{"rendered":"Mausoleo de Comas: tribunal desestima pedido de intangibilidad"},"content":{"rendered":"<p><strong><span style=\"color: #000000;\">El Colegiado B de la Sala Penal Nacional resolvi\u00f3 \u201cno ha lugar\u201d la solicitud de intangibilidad de restos de acusados por terrorismo, sepultados en el mausoleo de Comas.<\/span><\/strong><\/p>\n<p><span style=\"color: #000000;\"><strong>Lima, 16 Setiembre 2017, (ANDINA).-<\/strong> El Colegiado B de la Sala Penal Nacional resolvi\u00f3 \u201cno ha lugar\u201d la solicitud de intangibilidad de restos de acusados por terrorismo, que habr\u00edan sido ajusticiados en el mot\u00edn del penal El Front\u00f3n (1986), y que est\u00e1n sepultados en el mausoleo de Comas.<\/span><\/p>\n<p><span style=\"color: #000000;\">La petici\u00f3n fue planteada por los deudos de las v\u00edctimas, en el juicio oral sobre la supuesta matanza, cuyo proceso estuvo a cargo del citado tribunal presidido por Edhin Campos Barranzuela e integrado, adem\u00e1s, por los jueces Hans Contreras Cuzcano y Otto Verapinto M\u00e1rquez.<\/span><\/p>\n<p><span style=\"color: #000000;\">Dichos jueces argumentaron su decisi\u00f3n, al sostener que el colegiado al que pertenecen no es competente para pronunciarse sobre una causa que se tramita en el distrito judicial de Lima Norte.<\/span><\/p>\n<p><span style=\"color: #000000;\">El tribunal tambi\u00e9n declar\u00f3 improcedente el recurso de nulidad presentado por la defensa de los familiares de las v\u00edctimas contra la decisi\u00f3n judicial de \u201cno ha lugar\u201d.<\/span><\/p>\n<p><span style=\"color: #000000;\">Tras ello, y luego de resolver otros requerimientos, el colegiado dispuso la continuaci\u00f3n de este juicio oral el pr\u00f3ximo 20 de setiembre en que se discutir\u00e1 la calificaci\u00f3n jur\u00eddica de crimen de lesa humanidad a la supuesta matanza en El Front\u00f3n propuesta por la Fiscal\u00eda.<\/span><\/p>\n","protected":false},"excerpt":{"rendered":"<p>El Colegiado B de la Sala Penal Nacional resolvi\u00f3 \u201cno ha lugar\u201d la solicitud de intangibilidad de restos de acusados por terrorismo, sepultados en el mausoleo de Comas. Lima, 16 Setiembre 2017, (ANDINA).- El Colegiado B de la Sala Penal Nacional resolvi\u00f3 \u201cno ha lugar\u201d la solicitud de intangibilidad de restos de acusados por terrorismo, [&hellip;]<\/p>\n","protected":false},"author":1,"featured_media":14163,"comment_status":"open","ping_status":"open","sticky":false,"template":"","format":"standard","meta":{"rop_custom_images_group":[],"rop_custom_messages_group":[],"rop_publish_now":"initial","rop_publish_now_accounts":[],"rop_publish_now_history":[],"rop_publish_now_status":"pending","footnotes":""},"categories":[5],"tags":[163,1059,1509],"class_list":["post-15830","post","type-post","status-publish","format-standard","has-post-thumbnail","hentry","category-actualidad-informativa","tag-poder-judicial","tag-sendero-luminoso","tag-terrorismo"],"_links":{"self":[{"href":"https:\/\/elinformanteperu.com\/index.php\/wp-json\/wp\/v2\/posts\/15830","targetHints":{"allow":["GET"]}}],"collection":[{"href":"https:\/\/elinformanteperu.com\/index.php\/wp-json\/wp\/v2\/posts"}],"about":[{"href":"https:\/\/elinformanteperu.com\/index.php\/wp-json\/wp\/v2\/types\/post"}],"author":[{"embeddable":true,"href":"https:\/\/elinformanteperu.com\/index.php\/wp-json\/wp\/v2\/users\/1"}],"replies":[{"embeddable":true,"href":"https:\/\/elinformanteperu.com\/index.php\/wp-json\/wp\/v2\/comments?post=15830"}],"version-history":[{"count":1,"href":"https:\/\/elinformanteperu.com\/index.php\/wp-json\/wp\/v2\/posts\/15830\/revisions"}],"predecessor-version":[{"id":15831,"href":"https:\/\/elinformanteperu.com\/index.php\/wp-json\/wp\/v2\/posts\/15830\/revisions\/15831"}],"wp:featuredmedia":[{"embeddable":true,"href":"https:\/\/elinformanteperu.com\/index.php\/wp-json\/wp\/v2\/media\/14163"}],"wp:attachment":[{"href":"https:\/\/elinformanteperu.com\/index.php\/wp-json\/wp\/v2\/media?parent=15830"}],"wp:term":[{"taxonomy":"category","embeddable":true,"href":"https:\/\/elinformanteperu.com\/index.php\/wp-json\/wp\/v2\/categories?post=15830"},{"taxonomy":"post_tag","embeddable":true,"href":"https:\/\/elinformanteperu.com\/index.php\/wp-json\/wp\/v2\/tags?post=15830"}],"curies":[{"name":"wp","href":"https:\/\/api.w.org\/{rel}","templated":true}]}}