{"id":15828,"date":"2017-09-17T01:25:31","date_gmt":"2017-09-17T06:25:31","guid":{"rendered":"http:\/\/elinformanteperu.com\/?p=15828"},"modified":"2017-09-17T01:25:31","modified_gmt":"2017-09-17T06:25:31","slug":"mensaje-a-la-nacion-lee-aqui-el-discurso-completo-de-kuczynski","status":"publish","type":"post","link":"https:\/\/elinformanteperu.com\/index.php\/2017\/09\/17\/mensaje-a-la-nacion-lee-aqui-el-discurso-completo-de-kuczynski\/","title":{"rendered":"Mensaje a la Naci\u00f3n: lee aqu\u00ed el discurso completo de Kuczynski"},"content":{"rendered":"<p><strong><span style=\"color: #000000;\">El Jefe del Estado, Pedro Pablo Kuczynski, dio un Mensaje a la Naci\u00f3n para referirse a la cuesti\u00f3n de confianza que neg\u00f3 el Congreso al Gabinete Ministerial, que preside Fernando Zavala.<\/span><\/strong><\/p>\n<p><span style=\"color: #000000;\"><strong>Lima, 16 Setiembre 2017, (ANDINA).-<\/strong> El Jefe del Estado, Pedro Pablo Kuczynski, dio un Mensaje a la Naci\u00f3n para referirse a la pol\u00edtica de reforma educativa impulsada en el pa\u00eds y a la cuesti\u00f3n de confianza que neg\u00f3 el Congreso al Gabinete Ministerial, que preside Fernando Zavala.<\/span><\/p>\n<p><span style=\"color: #000000;\">Fue un mensaje breve, en el que el Mandatario analiz\u00f3 esta coyuntura pol\u00edtica y dijo, entre otras cosas, que el domingo tomar\u00e1 juramento a los ministros del nuevo Gabinete, y que mantiene en agenda su visita a la Santa Sede para invitar personalmente al papa Francisco a visitar el Per\u00fa.<\/span><\/p>\n<p><strong><span style=\"color: #000000;\">Mensaje a la Naci\u00f3n<\/span><\/strong><\/p>\n<p><span style=\"color: #000000;\">Ciudadanos. Me dirijo a la Naci\u00f3n en primer lugar para manifestar mi absoluto respeto a la Constituci\u00f3n y a los valores democr\u00e1ticos.<\/span><br \/>\n<span style=\"color: #000000;\">Anoche el pleno del Congreso de la Rep\u00fablica decidi\u00f3 no dar la confianza que el presidente del Consejo de Ministros hab\u00eda solicitado. Dicha decisi\u00f3n, aunque no me agrada, se ajusta al orden democr\u00e1tico y la respeto.<\/span><\/p>\n<p><span style=\"color: #000000;\">No puedo negar que hemos tenido momentos en los que en temas puntuales encontramos el apoyo del Congreso. Los frutos de esta comuni\u00f3n de esfuerzos han servido de mucho para atender urgentes necesidades de nuestros ciudadanos.\u00a0<\/span><\/p>\n<p><span style=\"color: #000000;\">Sin embargo, en las \u00faltimas semanas todos hemos sido testigos de c\u00f3mo se ha vuelto a cuestionar la pol\u00edtica de Estado en materia de educaci\u00f3n.\u00a0<\/span><\/p>\n<p><span style=\"color: #000000;\">Es fundamental mantener el progreso de la Reforma Educativa. Es una pol\u00edtica de Estado impulsada por mi gobierno y que forma parte del Acuerdo Nacional. Buscamos mejorar la calidad de la educaci\u00f3n y la revalorizaci\u00f3n de la carrera p\u00fablica magisterial.\u00a0<\/span><\/p>\n<p><span style=\"color: #000000;\">Con el futuro de nuestros ni\u00f1os no se juega y no debe ser materia para politizaci\u00f3n. Sobre eso no vamos a transigir. Sin educaci\u00f3n no hay desarrollo.<\/span><\/p>\n<p><span style=\"color: #000000;\">Agradezco de todo coraz\u00f3n a Fernando Zavala y a su gabinete, a los congresistas de nuestro partido y a otros con los que compartimos principios que van m\u00e1s all\u00e1 de los meros colores pol\u00edticos. Los que se fajan por la educaci\u00f3n en el Per\u00fa, apuestan por su \u00a0futuro.<\/span><\/p>\n<p><span style=\"color: #000000;\">Ante la actual situaci\u00f3n, me he visto obligado a cancelar mi viaje y participaci\u00f3n en la Asamblea General de las Naciones Unidas. Esta visita ten\u00eda un car\u00e1cter muy importante, pues nuestro pa\u00eds est\u00e1 por integrarse al Consejo de Seguridad de la ONU.\u00a0<\/span><\/p>\n<p><span style=\"color: #000000;\">La ONU, en esta coyuntura internacional, tiene un rol fundamental para mantener la paz en el mundo y velar por un ambiente que est\u00e1 cada d\u00eda m\u00e1s da\u00f1ado por el calentamiento global.<\/span><\/p>\n<p><span style=\"color: #000000;\">Tambi\u00e9n he tenido que cancelar importantes reuniones que durante mi viaje iba a sostener con organismos multilaterales y con el presidente de Estados Unidos, y con otros jefes de Estado.<\/span><\/p>\n<p><span style=\"color: #000000;\">S\u00ed mantengo en mi agenda la visita programada al Vaticano para reunirme con el papa Francisco, para confirmar su llegada al Per\u00fa en enero.<\/span><\/p>\n<p><span style=\"color: #000000;\">En lo inmediato, lo que le corresponde ahora a mi gobierno, de acuerdo con el art\u00edculo 122 de la Constituci\u00f3n, es formar un gabinete cuyos integrantes jurar\u00e1n sus cargos este domingo.\u00a0<\/span><\/p>\n<p><span style=\"color: #000000;\">Ciudadanos, tengan la certeza de que seguiremos trabajando con el mismo esp\u00edritu en lo que nos propusimos desde el primer d\u00eda que asum\u00ed la Presidencia: mejorar la calidad de vida de todos los peruanos. Ese es el mandato que tengo hasta el 28 de julio del 2021 y no retroceder\u00e9 ni un mil\u00edmetro en ese prop\u00f3sito. Tienen mi palabra.<\/span><\/p>\n<p><span style=\"color: #000000;\">Buenas tardes.<\/span><\/p>\n","protected":false},"excerpt":{"rendered":"<p>El Jefe del Estado, Pedro Pablo Kuczynski, dio un Mensaje a la Naci\u00f3n para referirse a la cuesti\u00f3n de confianza que neg\u00f3 el Congreso al Gabinete Ministerial, que preside Fernando Zavala. Lima, 16 Setiembre 2017, (ANDINA).- El Jefe del Estado, Pedro Pablo Kuczynski, dio un Mensaje a la Naci\u00f3n para referirse a la pol\u00edtica de [&hellip;]<\/p>\n","protected":false},"author":1,"featured_media":1210,"comment_status":"open","ping_status":"open","sticky":false,"template":"","format":"standard","meta":{"rop_custom_images_group":[],"rop_custom_messages_group":[],"rop_publish_now":"initial","rop_publish_now_accounts":[],"rop_publish_now_history":[],"rop_publish_now_status":"pending","footnotes":""},"categories":[5],"tags":[192,74,1421,2013],"class_list":["post-15828","post","type-post","status-publish","format-standard","has-post-thumbnail","hentry","category-actualidad-informativa","tag-congreso","tag-pedro-pablo-kuczynski","tag-poder-ejecutivo","tag-poder-legislativo"],"_links":{"self":[{"href":"https:\/\/elinformanteperu.com\/index.php\/wp-json\/wp\/v2\/posts\/15828","targetHints":{"allow":["GET"]}}],"collection":[{"href":"https:\/\/elinformanteperu.com\/index.php\/wp-json\/wp\/v2\/posts"}],"about":[{"href":"https:\/\/elinformanteperu.com\/index.php\/wp-json\/wp\/v2\/types\/post"}],"author":[{"embeddable":true,"href":"https:\/\/elinformanteperu.com\/index.php\/wp-json\/wp\/v2\/users\/1"}],"replies":[{"embeddable":true,"href":"https:\/\/elinformanteperu.com\/index.php\/wp-json\/wp\/v2\/comments?post=15828"}],"version-history":[{"count":1,"href":"https:\/\/elinformanteperu.com\/index.php\/wp-json\/wp\/v2\/posts\/15828\/revisions"}],"predecessor-version":[{"id":15829,"href":"https:\/\/elinformanteperu.com\/index.php\/wp-json\/wp\/v2\/posts\/15828\/revisions\/15829"}],"wp:featuredmedia":[{"embeddable":true,"href":"https:\/\/elinformanteperu.com\/index.php\/wp-json\/wp\/v2\/media\/1210"}],"wp:attachment":[{"href":"https:\/\/elinformanteperu.com\/index.php\/wp-json\/wp\/v2\/media?parent=15828"}],"wp:term":[{"taxonomy":"category","embeddable":true,"href":"https:\/\/elinformanteperu.com\/index.php\/wp-json\/wp\/v2\/categories?post=15828"},{"taxonomy":"post_tag","embeddable":true,"href":"https:\/\/elinformanteperu.com\/index.php\/wp-json\/wp\/v2\/tags?post=15828"}],"curies":[{"name":"wp","href":"https:\/\/api.w.org\/{rel}","templated":true}]}}