{"id":15785,"date":"2017-09-15T01:35:05","date_gmt":"2017-09-15T06:35:05","guid":{"rendered":"http:\/\/elinformanteperu.com\/?p=15785"},"modified":"2017-09-15T01:35:05","modified_gmt":"2017-09-15T06:35:05","slug":"frente-amplio-anticipa-que-no-otorgara-confianza-al-gabinete-zavala","status":"publish","type":"post","link":"https:\/\/elinformanteperu.com\/index.php\/2017\/09\/15\/frente-amplio-anticipa-que-no-otorgara-confianza-al-gabinete-zavala\/","title":{"rendered":"Frente Amplio anticipa que no otorgar\u00e1 confianza al gabinete Zavala"},"content":{"rendered":"<p><strong><span style=\"color: #000000;\">La bancada del Frente Amplio no otorgar\u00e1 la cuesti\u00f3n de confianza al gabinete ministerial, debido a que los actuales ministros de Estado -dijo- se encuentran en un proceso de desgaste.<\/span><\/strong><\/p>\n<p><span style=\"color: #000000;\"><strong>Lima, 14 Setiembre 2017, (ANDINA).<\/strong>&#8211; La bancada del Frente Amplio no otorgar\u00e1 la cuesti\u00f3n de confianza al gabinete ministerial, debido a que los actuales ministros de Estado -dijo- se encuentran en un proceso de desgaste, anticip\u00f3 el congresista de esa agrupaci\u00f3n, Hernando Cevallos.<\/span><\/p>\n<p><span style=\"color: #000000;\">Durante su intervenci\u00f3n en el Congreso, tras la solicitud de confianza solicitada por Fernando Zavala para el gabinete ministerial, recalc\u00f3 que a su parecer que los actuales ministros \u201cno merecen\u201d la confianza del Parlamento.<\/span><\/p>\n<p><span style=\"color: #000000;\">Indic\u00f3 que fue una \u201cjugada irresponsable\u201d por parte del jefe del gabinete pedir en este momento la cuesti\u00f3n de confianza, lo que gener\u00f3 una crisis pol\u00edtica.<\/span><\/p>\n<p><span style=\"color: #000000;\">Precisamente, esta tarde, el presidente del Consejo de Ministros, Fernando Zavala, plante\u00f3 ante el Congreso la cuesti\u00f3n de confianza para todo el gabinete ministerial, luego de la pretendida censura contra la ministra de Educaci\u00f3n, Maril\u00fa Martens.<\/span><\/p>\n<p><span style=\"color: #000000;\">Seg\u00fan Zavala, esto busca garantizar las pol\u00edticas de reforma educativa y la gobernabilidad del pa\u00eds.<\/span><\/p>\n","protected":false},"excerpt":{"rendered":"<p>La bancada del Frente Amplio no otorgar\u00e1 la cuesti\u00f3n de confianza al gabinete ministerial, debido a que los actuales ministros de Estado -dijo- se encuentran en un proceso de desgaste. Lima, 14 Setiembre 2017, (ANDINA).&#8211; La bancada del Frente Amplio no otorgar\u00e1 la cuesti\u00f3n de confianza al gabinete ministerial, debido a que los actuales ministros [&hellip;]<\/p>\n","protected":false},"author":1,"featured_media":15786,"comment_status":"open","ping_status":"open","sticky":false,"template":"","format":"standard","meta":{"rop_custom_images_group":[],"rop_custom_messages_group":[],"rop_publish_now":"initial","rop_publish_now_accounts":[],"rop_publish_now_history":[],"rop_publish_now_status":"pending","footnotes":""},"categories":[5],"tags":[192,1882,1421],"class_list":["post-15785","post","type-post","status-publish","format-standard","has-post-thumbnail","hentry","category-actualidad-informativa","tag-congreso","tag-hernando-cevallos","tag-poder-ejecutivo"],"_links":{"self":[{"href":"https:\/\/elinformanteperu.com\/index.php\/wp-json\/wp\/v2\/posts\/15785","targetHints":{"allow":["GET"]}}],"collection":[{"href":"https:\/\/elinformanteperu.com\/index.php\/wp-json\/wp\/v2\/posts"}],"about":[{"href":"https:\/\/elinformanteperu.com\/index.php\/wp-json\/wp\/v2\/types\/post"}],"author":[{"embeddable":true,"href":"https:\/\/elinformanteperu.com\/index.php\/wp-json\/wp\/v2\/users\/1"}],"replies":[{"embeddable":true,"href":"https:\/\/elinformanteperu.com\/index.php\/wp-json\/wp\/v2\/comments?post=15785"}],"version-history":[{"count":1,"href":"https:\/\/elinformanteperu.com\/index.php\/wp-json\/wp\/v2\/posts\/15785\/revisions"}],"predecessor-version":[{"id":15787,"href":"https:\/\/elinformanteperu.com\/index.php\/wp-json\/wp\/v2\/posts\/15785\/revisions\/15787"}],"wp:featuredmedia":[{"embeddable":true,"href":"https:\/\/elinformanteperu.com\/index.php\/wp-json\/wp\/v2\/media\/15786"}],"wp:attachment":[{"href":"https:\/\/elinformanteperu.com\/index.php\/wp-json\/wp\/v2\/media?parent=15785"}],"wp:term":[{"taxonomy":"category","embeddable":true,"href":"https:\/\/elinformanteperu.com\/index.php\/wp-json\/wp\/v2\/categories?post=15785"},{"taxonomy":"post_tag","embeddable":true,"href":"https:\/\/elinformanteperu.com\/index.php\/wp-json\/wp\/v2\/tags?post=15785"}],"curies":[{"name":"wp","href":"https:\/\/api.w.org\/{rel}","templated":true}]}}