{"id":15782,"date":"2017-09-15T01:32:10","date_gmt":"2017-09-15T06:32:10","guid":{"rendered":"http:\/\/elinformanteperu.com\/?p=15782"},"modified":"2017-09-15T01:32:10","modified_gmt":"2017-09-15T06:32:10","slug":"yonhy-lescano-culpa-al-fujimorismo-por-eventual-crisis-politica-en-el-pais","status":"publish","type":"post","link":"https:\/\/elinformanteperu.com\/index.php\/2017\/09\/15\/yonhy-lescano-culpa-al-fujimorismo-por-eventual-crisis-politica-en-el-pais\/","title":{"rendered":"Yonhy Lescano culpa al fujimorismo por eventual crisis pol\u00edtica en el pa\u00eds"},"content":{"rendered":"<p><strong><span style=\"color: #000000;\">El congresista de Acci\u00f3n Popular, Yonhy Lescano, afirm\u00f3 que Fuerza Popular, por sus acciones en el Congreso, tendr\u00eda responsabilidad en la crisis pol\u00edtica que se generar\u00eda en el pa\u00eds.<\/span><\/strong><\/p>\n<p><span style=\"color: #000000;\"><strong>Lima, 14 Setiembre 2017, (ANDINA).-<\/strong> El congresista de Acci\u00f3n Popular, Yonhy Lescano, afirm\u00f3 que Fuerza Popular, por sus acciones en el Congreso, tendr\u00eda responsabilidad en la crisis pol\u00edtica que se generar\u00eda en el pa\u00eds, tras la cuesti\u00f3n de confianza planteada por Fernando Zavala.<\/span><\/p>\n<p><span style=\"color: #000000;\">\u201cYo voy a votar (la cuesti\u00f3n de confianza) conforme la bancada de Acci\u00f3n Popular lo ha dispuesto y acordado (\u2026). De aqu\u00ed para adelante, la historia del Per\u00fa ha cambiado y ustedes (los fujimoristas) tienen que responder por lo que pase en nuestra patria, por la crisis que se produzca y por las cuestiones que van en contra de los intereses del pueblo\u201d, indic\u00f3.<\/span><\/p>\n<p><span style=\"color: #000000;\">Refiri\u00f3, por ejemplo, que esta agrupaci\u00f3n permiti\u00f3 aprobar un nuevo proyecto de ley que les impedir\u00eda a los legisladores que renuncien a sus bancadas de origen conformar otro grupo pol\u00edtico, con lo cual no se acata una sentencia dada por el Tribunal Constitucional.<\/span><\/p>\n<p><span style=\"color: #000000;\">Lescano recalc\u00f3 que el Parlamento hoy se encuentra desprestigiado y, en ese sentido, subray\u00f3 que al fujimorismo no le costar\u00eda nada \u201crealizar una eutanasia\u201d al gabinete ministerial que ha pedido la cuesti\u00f3n de confianza.<\/span><\/p>\n<p><span style=\"color: #000000;\">En este momento, el debate entre las bancadas parlamentarias contin\u00faa en el Congreso de la Rep\u00fablica, tras lo cual, se votar\u00eda la cuesti\u00f3n de confianza solicitada por el jefe del gabinete, Fernando Zavala.<\/span><\/p>\n","protected":false},"excerpt":{"rendered":"<p>El congresista de Acci\u00f3n Popular, Yonhy Lescano, afirm\u00f3 que Fuerza Popular, por sus acciones en el Congreso, tendr\u00eda responsabilidad en la crisis pol\u00edtica que se generar\u00eda en el pa\u00eds. Lima, 14 Setiembre 2017, (ANDINA).- El congresista de Acci\u00f3n Popular, Yonhy Lescano, afirm\u00f3 que Fuerza Popular, por sus acciones en el Congreso, tendr\u00eda responsabilidad en la [&hellip;]<\/p>\n","protected":false},"author":1,"featured_media":15783,"comment_status":"open","ping_status":"open","sticky":false,"template":"","format":"standard","meta":{"rop_custom_images_group":[],"rop_custom_messages_group":[],"rop_publish_now":"initial","rop_publish_now_accounts":[],"rop_publish_now_history":[],"rop_publish_now_status":"pending","footnotes":""},"categories":[5],"tags":[192,1421,475],"class_list":["post-15782","post","type-post","status-publish","format-standard","has-post-thumbnail","hentry","category-actualidad-informativa","tag-congreso","tag-poder-ejecutivo","tag-yonhy-lescano"],"_links":{"self":[{"href":"https:\/\/elinformanteperu.com\/index.php\/wp-json\/wp\/v2\/posts\/15782","targetHints":{"allow":["GET"]}}],"collection":[{"href":"https:\/\/elinformanteperu.com\/index.php\/wp-json\/wp\/v2\/posts"}],"about":[{"href":"https:\/\/elinformanteperu.com\/index.php\/wp-json\/wp\/v2\/types\/post"}],"author":[{"embeddable":true,"href":"https:\/\/elinformanteperu.com\/index.php\/wp-json\/wp\/v2\/users\/1"}],"replies":[{"embeddable":true,"href":"https:\/\/elinformanteperu.com\/index.php\/wp-json\/wp\/v2\/comments?post=15782"}],"version-history":[{"count":1,"href":"https:\/\/elinformanteperu.com\/index.php\/wp-json\/wp\/v2\/posts\/15782\/revisions"}],"predecessor-version":[{"id":15784,"href":"https:\/\/elinformanteperu.com\/index.php\/wp-json\/wp\/v2\/posts\/15782\/revisions\/15784"}],"wp:featuredmedia":[{"embeddable":true,"href":"https:\/\/elinformanteperu.com\/index.php\/wp-json\/wp\/v2\/media\/15783"}],"wp:attachment":[{"href":"https:\/\/elinformanteperu.com\/index.php\/wp-json\/wp\/v2\/media?parent=15782"}],"wp:term":[{"taxonomy":"category","embeddable":true,"href":"https:\/\/elinformanteperu.com\/index.php\/wp-json\/wp\/v2\/categories?post=15782"},{"taxonomy":"post_tag","embeddable":true,"href":"https:\/\/elinformanteperu.com\/index.php\/wp-json\/wp\/v2\/tags?post=15782"}],"curies":[{"name":"wp","href":"https:\/\/api.w.org\/{rel}","templated":true}]}}