{"id":15779,"date":"2017-09-15T01:28:41","date_gmt":"2017-09-15T06:28:41","guid":{"rendered":"http:\/\/elinformanteperu.com\/?p=15779"},"modified":"2017-09-15T01:28:41","modified_gmt":"2017-09-15T06:28:41","slug":"app-otorgara-confianza-al-gabinete-zavala-segun-congresista-villanueva","status":"publish","type":"post","link":"https:\/\/elinformanteperu.com\/index.php\/2017\/09\/15\/app-otorgara-confianza-al-gabinete-zavala-segun-congresista-villanueva\/","title":{"rendered":"APP otorgar\u00e1 confianza al gabinete Zavala, seg\u00fan congresista Villanueva"},"content":{"rendered":"<p><strong><span style=\"color: #000000;\">El vocero de Alianza para el Progreso, C\u00e9sar Villanueva, inform\u00f3 que su bancada otorgar\u00e1 la confianza solicitada por el premier Fernando Zavala.<\/span><\/strong><\/p>\n<p><span style=\"color: #000000;\"><strong>Lima, 14 Setiembre 2017, (ANDINA).-<\/strong> El vocero de Alianza para el Progreso, C\u00e9sar Villanueva, inform\u00f3 que su bancada otorgar\u00e1 la confianza solicitada por el premier Fernando Zavala, y dijo que el Ejecutivo deber\u00e1 trabajar en los ajustes necesarios para garantizar las pol\u00edticas de desarrollo.<\/span><\/p>\n<p><span style=\"color: #000000;\">Seg\u00fan el legislador, debe existir la sensatez necesaria para ajustar las cosas que requiera el actual gabinete ministerial y de eso -estim\u00f3- se encargar\u00e1 el propio presidente Pedro Pablo Kuczynski.<\/span><\/p>\n<p><span style=\"color: #000000;\">\u201cSin duda alguna, m\u00e1s all\u00e1 de la observaci\u00f3n que se le pueda hacer a este gabinete, lo importante es tener en claro la perspectiva de la gobernabilidad y esta no se puede poner en tela de juicio\u201d, indic\u00f3 Villanueva, al ser consultado si se le dar\u00e1 la confianza al gabinete ministerial.<\/span><\/p>\n<p><span style=\"color: #000000;\">No obstante, aclar\u00f3 que esto no limitar\u00e1 el hecho de que se pueda aplicar una interpelaci\u00f3n o censura a cualquier ministro del actual gabinete.<\/span><\/p>\n<p><span style=\"color: #000000;\">Villanueva agreg\u00f3 que, por el momento, desde el Congreso de la Rep\u00fablica, no se puede incidir en una crisis que pueda afectar al pa\u00eds.<\/span><\/p>\n","protected":false},"excerpt":{"rendered":"<p>El vocero de Alianza para el Progreso, C\u00e9sar Villanueva, inform\u00f3 que su bancada otorgar\u00e1 la confianza solicitada por el premier Fernando Zavala. Lima, 14 Setiembre 2017, (ANDINA).- El vocero de Alianza para el Progreso, C\u00e9sar Villanueva, inform\u00f3 que su bancada otorgar\u00e1 la confianza solicitada por el premier Fernando Zavala, y dijo que el Ejecutivo deber\u00e1 [&hellip;]<\/p>\n","protected":false},"author":1,"featured_media":15780,"comment_status":"open","ping_status":"open","sticky":false,"template":"","format":"standard","meta":{"rop_custom_images_group":[],"rop_custom_messages_group":[],"rop_publish_now":"initial","rop_publish_now_accounts":[],"rop_publish_now_history":[],"rop_publish_now_status":"pending","footnotes":""},"categories":[5],"tags":[275,853,192,1421],"class_list":["post-15779","post","type-post","status-publish","format-standard","has-post-thumbnail","hentry","category-actualidad-informativa","tag-alianza-para-el-progreso","tag-cesar-villanueva","tag-congreso","tag-poder-ejecutivo"],"_links":{"self":[{"href":"https:\/\/elinformanteperu.com\/index.php\/wp-json\/wp\/v2\/posts\/15779","targetHints":{"allow":["GET"]}}],"collection":[{"href":"https:\/\/elinformanteperu.com\/index.php\/wp-json\/wp\/v2\/posts"}],"about":[{"href":"https:\/\/elinformanteperu.com\/index.php\/wp-json\/wp\/v2\/types\/post"}],"author":[{"embeddable":true,"href":"https:\/\/elinformanteperu.com\/index.php\/wp-json\/wp\/v2\/users\/1"}],"replies":[{"embeddable":true,"href":"https:\/\/elinformanteperu.com\/index.php\/wp-json\/wp\/v2\/comments?post=15779"}],"version-history":[{"count":1,"href":"https:\/\/elinformanteperu.com\/index.php\/wp-json\/wp\/v2\/posts\/15779\/revisions"}],"predecessor-version":[{"id":15781,"href":"https:\/\/elinformanteperu.com\/index.php\/wp-json\/wp\/v2\/posts\/15779\/revisions\/15781"}],"wp:featuredmedia":[{"embeddable":true,"href":"https:\/\/elinformanteperu.com\/index.php\/wp-json\/wp\/v2\/media\/15780"}],"wp:attachment":[{"href":"https:\/\/elinformanteperu.com\/index.php\/wp-json\/wp\/v2\/media?parent=15779"}],"wp:term":[{"taxonomy":"category","embeddable":true,"href":"https:\/\/elinformanteperu.com\/index.php\/wp-json\/wp\/v2\/categories?post=15779"},{"taxonomy":"post_tag","embeddable":true,"href":"https:\/\/elinformanteperu.com\/index.php\/wp-json\/wp\/v2\/tags?post=15779"}],"curies":[{"name":"wp","href":"https:\/\/api.w.org\/{rel}","templated":true}]}}