{"id":15677,"date":"2017-09-12T23:24:27","date_gmt":"2017-09-13T04:24:27","guid":{"rendered":"http:\/\/elinformanteperu.com\/?p=15677"},"modified":"2017-09-12T23:24:27","modified_gmt":"2017-09-13T04:24:27","slug":"peru-argentina-cachito-ramirez-pide-a-los-jugadores-no-sentirse-clasificados-al-mundial","status":"publish","type":"post","link":"https:\/\/elinformanteperu.com\/index.php\/2017\/09\/12\/peru-argentina-cachito-ramirez-pide-a-los-jugadores-no-sentirse-clasificados-al-mundial\/","title":{"rendered":"Per\u00fa-Argentina: \u00abCachito\u00bb Ram\u00edrez pide a los jugadores no sentirse clasificados al Mundial"},"content":{"rendered":"<p><strong><span style=\"color: #000000;\">El exseleccionador peruano, Oswaldo \u00abCachito\u00bb Ram\u00edrez, demand\u00f3 a los jugadores de la selecci\u00f3n peruana tener \u00abcabeza fr\u00eda\u00bb y no creer que ya lograron la clasificaci\u00f3n al Mundial.<\/span><\/strong><\/p>\n<p><span style=\"color: #000000;\"><strong>Lima, 12 Setiembre 2017, (ANDINA).-<\/strong> El exseleccionador peruano, Oswaldo \u00abCachito\u00bb Ram\u00edrez, demand\u00f3 a los jugadores de la selecci\u00f3n peruana tener \u00abcabeza fr\u00eda\u00bb y no creer que ya lograron la clasificaci\u00f3n al Mundial de Rusia 2018 porque faltan dos partidos muy duros; adem\u00e1s ruega a Dios para que la Conmebol no programe un refer\u00ed brasile\u00f1o para el cotejo.<\/span><\/p>\n<p><span style=\"color: #000000;\">Ram\u00edrez conf\u00eda en la capacidad del equipo peruano en realizar buenos partidos en cualquier campo de juego como La Bombonera, donde \u00abCachito\u00bb hizo historia al anotar dos goles que dej\u00f3 sin Mundial a Argentina en 1969.<\/span><\/p>\n<p><span style=\"color: #000000;\">\u00abEsto del campo es una excusa porque realmente los que juegan son los futbolistas. Ambas selecciones tendr\u00e1n que enfrentarse en cualquier escenario. Sucede es que Argentina, con las grandes individualidades que tiene, pasa por un mal momento y su problema es que como equipo no funciona\u00bb, declar\u00f3 &#8216;Cachito&#8217; en Radio Ovaci\u00f3n.<\/span><\/p>\n<p><span style=\"color: #000000;\">Agreg\u00f3: \u00abHonestamente, no pens\u00e9 que el equipo peruano iba a pelear la clasificaci\u00f3n al Mundial por la forma que se fueron dando desde un principio. Ahora hay que tener cabeza fr\u00eda para estos momentos, no creer que ya estamos clasificados, nos faltan jugar dos partidos dif\u00edciles\u00bb.<\/span><\/p>\n<p><span style=\"color: #000000;\">Oswaldo Ram\u00edrez dijo que Argentina tiene buenas individualidades, pero no funciona como equipo.<\/span><\/p>\n<p><span style=\"color: #000000;\">Finalmente, pidi\u00f3 a Dios que la Conmebol no programe refer\u00ed brasile\u00f1o para el partido de Argentina-Per\u00fa, en La Bombonera.<\/span><\/p>\n<p><iframe src=\"https:\/\/www.youtube-nocookie.com\/embed\/Gnr7UcTbtXk?rel=0&amp;controls=0&amp;showinfo=0\" width=\"560\" height=\"315\" frameborder=\"0\" allowfullscreen=\"allowfullscreen\"><\/iframe><\/p>\n","protected":false},"excerpt":{"rendered":"<p>El exseleccionador peruano, Oswaldo \u00abCachito\u00bb Ram\u00edrez, demand\u00f3 a los jugadores de la selecci\u00f3n peruana tener \u00abcabeza fr\u00eda\u00bb y no creer que ya lograron la clasificaci\u00f3n al Mundial. Lima, 12 Setiembre 2017, (ANDINA).- El exseleccionador peruano, Oswaldo \u00abCachito\u00bb Ram\u00edrez, demand\u00f3 a los jugadores de la selecci\u00f3n peruana tener \u00abcabeza fr\u00eda\u00bb y no creer que ya lograron [&hellip;]<\/p>\n","protected":false},"author":1,"featured_media":15678,"comment_status":"open","ping_status":"open","sticky":false,"template":"","format":"standard","meta":{"rop_custom_images_group":[],"rop_custom_messages_group":[],"rop_publish_now":"initial","rop_publish_now_accounts":[],"rop_publish_now_history":[],"rop_publish_now_status":"pending","footnotes":""},"categories":[8],"tags":[175,2154,137],"class_list":["post-15677","post","type-post","status-publish","format-standard","has-post-thumbnail","hentry","category-disciplinas-deportivas","tag-eliminatorias","tag-oswaldo-cachito-ramirez","tag-seleccion-peruana"],"_links":{"self":[{"href":"https:\/\/elinformanteperu.com\/index.php\/wp-json\/wp\/v2\/posts\/15677","targetHints":{"allow":["GET"]}}],"collection":[{"href":"https:\/\/elinformanteperu.com\/index.php\/wp-json\/wp\/v2\/posts"}],"about":[{"href":"https:\/\/elinformanteperu.com\/index.php\/wp-json\/wp\/v2\/types\/post"}],"author":[{"embeddable":true,"href":"https:\/\/elinformanteperu.com\/index.php\/wp-json\/wp\/v2\/users\/1"}],"replies":[{"embeddable":true,"href":"https:\/\/elinformanteperu.com\/index.php\/wp-json\/wp\/v2\/comments?post=15677"}],"version-history":[{"count":1,"href":"https:\/\/elinformanteperu.com\/index.php\/wp-json\/wp\/v2\/posts\/15677\/revisions"}],"predecessor-version":[{"id":15679,"href":"https:\/\/elinformanteperu.com\/index.php\/wp-json\/wp\/v2\/posts\/15677\/revisions\/15679"}],"wp:featuredmedia":[{"embeddable":true,"href":"https:\/\/elinformanteperu.com\/index.php\/wp-json\/wp\/v2\/media\/15678"}],"wp:attachment":[{"href":"https:\/\/elinformanteperu.com\/index.php\/wp-json\/wp\/v2\/media?parent=15677"}],"wp:term":[{"taxonomy":"category","embeddable":true,"href":"https:\/\/elinformanteperu.com\/index.php\/wp-json\/wp\/v2\/categories?post=15677"},{"taxonomy":"post_tag","embeddable":true,"href":"https:\/\/elinformanteperu.com\/index.php\/wp-json\/wp\/v2\/tags?post=15677"}],"curies":[{"name":"wp","href":"https:\/\/api.w.org\/{rel}","templated":true}]}}