{"id":15665,"date":"2017-09-12T01:43:22","date_gmt":"2017-09-12T06:43:22","guid":{"rendered":"http:\/\/elinformanteperu.com\/?p=15665"},"modified":"2017-09-12T01:43:22","modified_gmt":"2017-09-12T06:43:22","slug":"fiscalias-anticorrupcion-reciben-anotaciones-en-celular-de-marcelo-odebrecht","status":"publish","type":"post","link":"https:\/\/elinformanteperu.com\/index.php\/2017\/09\/12\/fiscalias-anticorrupcion-reciben-anotaciones-en-celular-de-marcelo-odebrecht\/","title":{"rendered":"Fiscal\u00edas Anticorrupci\u00f3n reciben anotaciones en celular de Marcelo Odebrecht"},"content":{"rendered":"<p><strong><span style=\"color: #000000;\">El Ministerio P\u00fablico inform\u00f3 que la Unidad de Cooperaci\u00f3n Judicial Internacional remiti\u00f3 las anotaciones halladas en el celular del empresario brasile\u00f1o, Marcelo Odebrecht.<\/span><\/strong><\/p>\n<p><span style=\"color: #000000;\"><strong>Lima, 11 Setiembre 2017, (ANDINA).-<\/strong> El Ministerio P\u00fablico inform\u00f3 que la Unidad de Cooperaci\u00f3n Judicial Internacional remiti\u00f3, a las Fiscal\u00edas Anticorrupci\u00f3n, las anotaciones halladas en el celular del empresario brasile\u00f1o, Marcelo Odebrecht.<\/span><\/p>\n<p><span style=\"color: #000000;\">A trav\u00e9s de su cuenta oficial de Twitter, informaron que \u201cse env\u00eda para fines legales pertinentes de acuerdo a las investigaciones referidas a otras anotaciones que figuran en dicho escrito\u201d.<\/span><\/p>\n<p><span style=\"color: #000000;\">Precisamente, en agosto el fiscal de la Naci\u00f3n, Pablo S\u00e1nchez Velarde, anunci\u00f3 que durante su viaje a Brasil pudieron confirmar la anotaci\u00f3n escrita en el celular de Marcelo Odebrecht, donde hace referencia a la excandidata presidencial, Keiko Fujimori Higuchi.<\/span><\/p>\n<p><span style=\"color: #000000;\">Seg\u00fan inform\u00f3 IDL Reporteros, la inscripci\u00f3n \u201caumentar Keiko para 500 e eu fazer visita (aumentar Keiko a 500 y hacer visita)\u201d, se habr\u00eda referido a la lideresa de Fuerza Popular, teniendo en cuenta la pol\u00edtica de la empresa brasile\u00f1a de apoyar a los candidatos presidenciales en el Per\u00fa.<\/span><\/p>\n","protected":false},"excerpt":{"rendered":"<p>El Ministerio P\u00fablico inform\u00f3 que la Unidad de Cooperaci\u00f3n Judicial Internacional remiti\u00f3 las anotaciones halladas en el celular del empresario brasile\u00f1o, Marcelo Odebrecht. Lima, 11 Setiembre 2017, (ANDINA).- El Ministerio P\u00fablico inform\u00f3 que la Unidad de Cooperaci\u00f3n Judicial Internacional remiti\u00f3, a las Fiscal\u00edas Anticorrupci\u00f3n, las anotaciones halladas en el celular del empresario brasile\u00f1o, Marcelo Odebrecht. [&hellip;]<\/p>\n","protected":false},"author":1,"featured_media":9964,"comment_status":"open","ping_status":"open","sticky":false,"template":"","format":"standard","meta":{"rop_custom_images_group":[],"rop_custom_messages_group":[],"rop_publish_now":"initial","rop_publish_now_accounts":[],"rop_publish_now_history":[],"rop_publish_now_status":"pending","footnotes":""},"categories":[5],"tags":[557,1409,370],"class_list":["post-15665","post","type-post","status-publish","format-standard","has-post-thumbnail","hentry","category-actualidad-informativa","tag-keiko-fujimori","tag-marcelo-odebrecht","tag-ministerio-publico"],"_links":{"self":[{"href":"https:\/\/elinformanteperu.com\/index.php\/wp-json\/wp\/v2\/posts\/15665","targetHints":{"allow":["GET"]}}],"collection":[{"href":"https:\/\/elinformanteperu.com\/index.php\/wp-json\/wp\/v2\/posts"}],"about":[{"href":"https:\/\/elinformanteperu.com\/index.php\/wp-json\/wp\/v2\/types\/post"}],"author":[{"embeddable":true,"href":"https:\/\/elinformanteperu.com\/index.php\/wp-json\/wp\/v2\/users\/1"}],"replies":[{"embeddable":true,"href":"https:\/\/elinformanteperu.com\/index.php\/wp-json\/wp\/v2\/comments?post=15665"}],"version-history":[{"count":1,"href":"https:\/\/elinformanteperu.com\/index.php\/wp-json\/wp\/v2\/posts\/15665\/revisions"}],"predecessor-version":[{"id":15666,"href":"https:\/\/elinformanteperu.com\/index.php\/wp-json\/wp\/v2\/posts\/15665\/revisions\/15666"}],"wp:featuredmedia":[{"embeddable":true,"href":"https:\/\/elinformanteperu.com\/index.php\/wp-json\/wp\/v2\/media\/9964"}],"wp:attachment":[{"href":"https:\/\/elinformanteperu.com\/index.php\/wp-json\/wp\/v2\/media?parent=15665"}],"wp:term":[{"taxonomy":"category","embeddable":true,"href":"https:\/\/elinformanteperu.com\/index.php\/wp-json\/wp\/v2\/categories?post=15665"},{"taxonomy":"post_tag","embeddable":true,"href":"https:\/\/elinformanteperu.com\/index.php\/wp-json\/wp\/v2\/tags?post=15665"}],"curies":[{"name":"wp","href":"https:\/\/api.w.org\/{rel}","templated":true}]}}