{"id":15660,"date":"2017-09-12T01:39:35","date_gmt":"2017-09-12T06:39:35","guid":{"rendered":"http:\/\/elinformanteperu.com\/?p=15660"},"modified":"2017-09-12T01:39:35","modified_gmt":"2017-09-12T06:39:35","slug":"minjus-evalua-mecanismos-para-evitar-prescripcion-de-reparaciones-civiles","status":"publish","type":"post","link":"https:\/\/elinformanteperu.com\/index.php\/2017\/09\/12\/minjus-evalua-mecanismos-para-evitar-prescripcion-de-reparaciones-civiles\/","title":{"rendered":"Minjus eval\u00faa mecanismos para evitar prescripci\u00f3n de reparaciones civiles"},"content":{"rendered":"<p><strong><span style=\"color: #000000;\">La ministra de Justicia anunci\u00f3 que se encuentran evaluando un mecanismo para evitar que las reparaciones civiles de sentenciados por diversos delitos, como terrorismo, prescriban.<\/span><\/strong><\/p>\n<p><span style=\"color: #000000;\"><strong>Lima, 11 Setiembre 2017, (ANDINA).-<\/strong> La ministra de Justicia y Derechos Humanos, Mar\u00eda Soledad P\u00e9rez Tello, anunci\u00f3 que junto a las Procuradur\u00edas se encuentran evaluando un mecanismo para evitar que las reparaciones civiles de sentenciados por diversos delitos, como terrorismo, prescriban y le causen un perjuicio al Estado.<\/span><\/p>\n<p><span style=\"color: #000000;\">Tras participar en una actividad de la Superintendencia Nacional de los Registros P\u00fablicos (Sunarp) en Villa El Salvador, explic\u00f3 que causa indignaci\u00f3n que una terrorista como Maritza Garrido Lecca salga en libertad \u201cy a\u00fan le deba 60,000 soles de reparaci\u00f3n civil\u201d.<\/span><\/p>\n<p><span style=\"color: #000000;\">\u201cEn el caso de las reparaciones civiles estamos haciendo una evaluaci\u00f3n desde las procuradur\u00edas para establecer un mecanismo a fin de que primero no prescriban, porque a veces eso sucede, pues hay cambio de procuradores, se descuidan y prescriben, lo cual causa un perjuicio al Estado\u201d, manifest\u00f3.<\/span><\/p>\n<p><span style=\"color: #000000;\">En ese sentido, refiri\u00f3 que primero buscan realizar un seguimiento y monitoreo de la reparaci\u00f3n civil, de manera que si la persona dondenada adquiere un inmueble o constituye una empresa se tomen las medidas para garantizar el pago.<\/span><\/p>\n<p><strong><span style=\"color: #000000;\">Maritza Garrido Lecca<\/span><\/strong><\/p>\n<p><span style=\"color: #000000;\">Sobre la exbailarina y sentenciada por terrorismo Maritza Garrido Lecca, refiri\u00f3 que esta \u201cya cumpli\u00f3 su condena\u201d y que ahora el gobierno estar\u00e1 vigilante.<\/span><\/p>\n<p><span style=\"color: #000000;\">\u201cVamos a combatir el terrorismo y lo haremos juntos y lo decimos desde Villa El Salvador, tierra de (la exidirigente asesinada por Sendero Luminoso) Mar\u00eda Elena Moyano, que tantas lecciones en vida nos dio\u201d, explic\u00f3.<\/span><\/p>\n<p><span style=\"color: #000000;\">En cuanto a lo que ocurra una vez Garrido Lecca obtenga su libertad, mencion\u00f3 que debe respetar la ley.<\/span><\/p>\n<p><span style=\"color: #000000;\">\u00abEste es el triunfo del derecho y de la democracia porque a pesar de su conducta que tuvo con nosotros, no nos ha resquebrajado\u201d, manifest\u00f3.<\/span><\/p>\n<p><span style=\"color: #000000;\">\u201cNosotros respetamos la ley y con la ley vamos a hacer que el pa\u00eds no vuelva a sufrir los a\u00f1os de dolor y sangre que sufri\u00f3\u201d, afirm\u00f3.<\/span><\/p>\n<p><strong><span style=\"color: #000000;\">Abimael Guzm\u00e1n<\/span><\/strong><\/p>\n<p><span style=\"color: #000000;\">Sobre los 25 a\u00f1os de la captura del cabecilla terrorista, Abimael Guzm\u00e1n, precis\u00f3 que esta fecha es importante porque se recuerda el accionar de los polic\u00edas que contribuyeron a su captura.<\/span><\/p>\n<p><span style=\"color: #000000;\">\u201cY lo que nos toca ahora es ser conscientes que tenemos una legislaci\u00f3n en temas de apolog\u00eda que hay que utilizar y la estamos utilizando\u201d, asegur\u00f3.<\/span><\/p>\n<p><span style=\"color: #000000;\">Agreg\u00f3 que, por esta raz\u00f3n, esperan que el caso Perseo 2014, donde se detuvieron a diversos seguidores del Movimiento por la Amnist\u00eda y Derechos Fundamentales (Movadef) pueda aclararse el accionar de este grupo ligado a Sendero Luminoso.<\/span><\/p>\n","protected":false},"excerpt":{"rendered":"<p>La ministra de Justicia anunci\u00f3 que se encuentran evaluando un mecanismo para evitar que las reparaciones civiles de sentenciados por diversos delitos, como terrorismo, prescriban. Lima, 11 Setiembre 2017, (ANDINA).- La ministra de Justicia y Derechos Humanos, Mar\u00eda Soledad P\u00e9rez Tello, anunci\u00f3 que junto a las Procuradur\u00edas se encuentran evaluando un mecanismo para evitar que [&hellip;]<\/p>\n","protected":false},"author":1,"featured_media":5980,"comment_status":"open","ping_status":"open","sticky":false,"template":"","format":"standard","meta":{"rop_custom_images_group":[],"rop_custom_messages_group":[],"rop_publish_now":"initial","rop_publish_now_accounts":[],"rop_publish_now_history":[],"rop_publish_now_status":"pending","footnotes":""},"categories":[5],"tags":[1115,1763,166],"class_list":["post-15660","post","type-post","status-publish","format-standard","has-post-thumbnail","hentry","category-actualidad-informativa","tag-maria-soledad-perez-tello","tag-maritza-garrido-lecca","tag-ministerio-de-justicia"],"_links":{"self":[{"href":"https:\/\/elinformanteperu.com\/index.php\/wp-json\/wp\/v2\/posts\/15660","targetHints":{"allow":["GET"]}}],"collection":[{"href":"https:\/\/elinformanteperu.com\/index.php\/wp-json\/wp\/v2\/posts"}],"about":[{"href":"https:\/\/elinformanteperu.com\/index.php\/wp-json\/wp\/v2\/types\/post"}],"author":[{"embeddable":true,"href":"https:\/\/elinformanteperu.com\/index.php\/wp-json\/wp\/v2\/users\/1"}],"replies":[{"embeddable":true,"href":"https:\/\/elinformanteperu.com\/index.php\/wp-json\/wp\/v2\/comments?post=15660"}],"version-history":[{"count":2,"href":"https:\/\/elinformanteperu.com\/index.php\/wp-json\/wp\/v2\/posts\/15660\/revisions"}],"predecessor-version":[{"id":15662,"href":"https:\/\/elinformanteperu.com\/index.php\/wp-json\/wp\/v2\/posts\/15660\/revisions\/15662"}],"wp:featuredmedia":[{"embeddable":true,"href":"https:\/\/elinformanteperu.com\/index.php\/wp-json\/wp\/v2\/media\/5980"}],"wp:attachment":[{"href":"https:\/\/elinformanteperu.com\/index.php\/wp-json\/wp\/v2\/media?parent=15660"}],"wp:term":[{"taxonomy":"category","embeddable":true,"href":"https:\/\/elinformanteperu.com\/index.php\/wp-json\/wp\/v2\/categories?post=15660"},{"taxonomy":"post_tag","embeddable":true,"href":"https:\/\/elinformanteperu.com\/index.php\/wp-json\/wp\/v2\/tags?post=15660"}],"curies":[{"name":"wp","href":"https:\/\/api.w.org\/{rel}","templated":true}]}}