{"id":15657,"date":"2017-09-12T01:36:40","date_gmt":"2017-09-12T06:36:40","guid":{"rendered":"http:\/\/elinformanteperu.com\/?p=15657"},"modified":"2017-09-12T02:02:17","modified_gmt":"2017-09-12T07:02:17","slug":"odebrecht-podra-vender-activos-de-olmos-luego-que-poder-judicial-revoco-prohibicion","status":"publish","type":"post","link":"https:\/\/elinformanteperu.com\/index.php\/2017\/09\/12\/odebrecht-podra-vender-activos-de-olmos-luego-que-poder-judicial-revoco-prohibicion\/","title":{"rendered":"Odebrecht podr\u00e1 vender activos de Olmos luego que Poder Judicial revoc\u00f3 prohibici\u00f3n"},"content":{"rendered":"<p><strong><span style=\"color: #000000;\">La Primera Sala Penal de Apelaciones Nacional revoc\u00f3 la disposici\u00f3n judicial que prohib\u00eda la venta o transferencia de los activos que mantiene Odebrecht en las concesionarias Trasvase Olmos y H2Olmos.<\/span><\/strong><\/p>\n<p><span style=\"color: #000000;\"><strong>Lima, 11 Setiembre 2017, (ANDINA).-<\/strong> La Primera Sala Penal de Apelaciones Nacional revoc\u00f3 la disposici\u00f3n judicial de primera instancia que prohib\u00eda la venta o transferencia por parte de la empresa Constructora Norberto Odebrecht de sus activos que mantiene en las concesionarias Trasvase Olmos y H2Olmos.<\/span><\/p>\n<p><span style=\"color: #000000;\">De esa manera, el colegiado declar\u00f3 infundada la medida de inhibici\u00f3n presentada inicialmente por la exprocuradora Katherine Ampuero, con motivo de la investigaci\u00f3n contra el expresidente Alejandro Toledo y otros por la presunta comisi\u00f3n del delito de lavado de activos en agravio del Estado.<\/span><\/p>\n<p><span style=\"color: #000000;\">La revocaci\u00f3n de la medida dispuesta en julio pasado por el Primer Juzgado de Investigaci\u00f3n Preparatoria Nacional fue solicitada por la defensa legal de la firma brasile\u00f1a, as\u00ed como por la Fiscal\u00eda y la Procuradur\u00eda Ad Hoc del caso Odebrecht a cargo de Jorge Ram\u00edrez Ram\u00edrez (quien reemplaz\u00f3 a Katherine Ampuero).<\/span><\/p>\n<p><strong><span style=\"color: #000000;\">Desaceleraba inversiones<\/span><\/strong><\/p>\n<p><span style=\"color: #000000;\">El colegiado sostiene que la medida de inhibici\u00f3n para este caso concreto no es la m\u00e1s apta para alcanzar el pago de la reparaci\u00f3n civil y que, de mantenerse, generar\u00eda como consecuencia una desaceleraci\u00f3n de las inversiones en el Per\u00fa.<\/span><\/p>\n<p><span style=\"color: #000000;\">En ese sentido, la probabilidad de truncar los beneficios sociales del proyecto, con riesgo a paralizar su regular ejecuci\u00f3n, as\u00ed como la ruptura de la cadena de pagos, son temas que en el D.U. N\u00b0 003-2017 deben de tenerse en cuenta.<\/span><\/p>\n<p><span style=\"color: #000000;\">Se\u00f1ala tambi\u00e9n que el fallo en primera instancia soslay\u00f3 las consecuencias colaterales negativas de orden econ\u00f3mico y social para el pa\u00eds, adem\u00e1s de colisionar con el art\u00edculo 58 de la Constituci\u00f3n.<\/span><\/p>\n<p><span style=\"color: #000000;\">Cabe indicar que el Decreto de Urgencia N\u00b0 003 busca evitar que dinero il\u00edcito pueda salir del pa\u00eds en el marco de las investigaciones a Odebrecht y otras empresas que aceptaron su participaci\u00f3n en hechos de corrupci\u00f3n.<\/span><\/p>\n<p><span style=\"color: #000000;\">Sostuvo que el decreto cautela los intereses del Estado y, en ese marco, la procuradur\u00eda se\u00f1ala los montos a retener en un fideicomiso para garantizar el pago de la reparaci\u00f3n civil.<\/span><\/p>\n<p><strong><span style=\"color: #000000;\">Perjudicaba reparaci\u00f3n civil<\/span><\/strong><\/p>\n<p><span style=\"color: #000000;\">Durante la audiencia, realizada en agosto pasado, las partes coincidieron en recalcar que lo dictado en primera instancia perjudica el pago de la reparaci\u00f3n civil a favor del Estado por parte de Odebrecht, empresa investigada en nuestro pa\u00eds por actos de corrupci\u00f3n en la licitaci\u00f3n de obras p\u00fablicas.<\/span><\/p>\n<p><span style=\"color: #000000;\">Recordemos, que la Procuradur\u00eda Ad Hoc, bajo la direcci\u00f3n de Ram\u00edrez Ram\u00edrez, cambio su postura en este caso, pues primigeniamente esta entidad demand\u00f3 la inhibici\u00f3n de Odebrecht en las ventas y\/o transferencia de activos de las mencionadas empresas concesionarias.<\/span><\/p>\n<p><span style=\"color: #000000;\">El tribunal la preside la jueza Edita Condori Fern\u00e1ndez e integran los magistrados Sonia Torre Mu\u00f1oz y R\u00f3mulo Carcausto Calla.<\/span><\/p>\n","protected":false},"excerpt":{"rendered":"<p>La Primera Sala Penal de Apelaciones Nacional revoc\u00f3 la disposici\u00f3n judicial que prohib\u00eda la venta o transferencia de los activos que mantiene Odebrecht en las concesionarias Trasvase Olmos y H2Olmos. Lima, 11 Setiembre 2017, (ANDINA).- La Primera Sala Penal de Apelaciones Nacional revoc\u00f3 la disposici\u00f3n judicial de primera instancia que prohib\u00eda la venta o transferencia [&hellip;]<\/p>\n","protected":false},"author":1,"featured_media":15658,"comment_status":"open","ping_status":"open","sticky":false,"template":"","format":"standard","meta":{"rop_custom_images_group":[],"rop_custom_messages_group":[],"rop_publish_now":"initial","rop_publish_now_accounts":[],"rop_publish_now_history":[],"rop_publish_now_status":"pending","footnotes":""},"categories":[5],"tags":[430,619],"class_list":["post-15657","post","type-post","status-publish","format-standard","has-post-thumbnail","hentry","category-actualidad-informativa","tag-fiscalia","tag-odebrecht"],"_links":{"self":[{"href":"https:\/\/elinformanteperu.com\/index.php\/wp-json\/wp\/v2\/posts\/15657","targetHints":{"allow":["GET"]}}],"collection":[{"href":"https:\/\/elinformanteperu.com\/index.php\/wp-json\/wp\/v2\/posts"}],"about":[{"href":"https:\/\/elinformanteperu.com\/index.php\/wp-json\/wp\/v2\/types\/post"}],"author":[{"embeddable":true,"href":"https:\/\/elinformanteperu.com\/index.php\/wp-json\/wp\/v2\/users\/1"}],"replies":[{"embeddable":true,"href":"https:\/\/elinformanteperu.com\/index.php\/wp-json\/wp\/v2\/comments?post=15657"}],"version-history":[{"count":2,"href":"https:\/\/elinformanteperu.com\/index.php\/wp-json\/wp\/v2\/posts\/15657\/revisions"}],"predecessor-version":[{"id":15672,"href":"https:\/\/elinformanteperu.com\/index.php\/wp-json\/wp\/v2\/posts\/15657\/revisions\/15672"}],"wp:featuredmedia":[{"embeddable":true,"href":"https:\/\/elinformanteperu.com\/index.php\/wp-json\/wp\/v2\/media\/15658"}],"wp:attachment":[{"href":"https:\/\/elinformanteperu.com\/index.php\/wp-json\/wp\/v2\/media?parent=15657"}],"wp:term":[{"taxonomy":"category","embeddable":true,"href":"https:\/\/elinformanteperu.com\/index.php\/wp-json\/wp\/v2\/categories?post=15657"},{"taxonomy":"post_tag","embeddable":true,"href":"https:\/\/elinformanteperu.com\/index.php\/wp-json\/wp\/v2\/tags?post=15657"}],"curies":[{"name":"wp","href":"https:\/\/api.w.org\/{rel}","templated":true}]}}