{"id":15506,"date":"2017-09-08T01:43:54","date_gmt":"2017-09-08T06:43:54","guid":{"rendered":"http:\/\/elinformanteperu.com\/?p=15506"},"modified":"2017-09-08T01:43:54","modified_gmt":"2017-09-08T06:43:54","slug":"congreso-autoriza-viaje-presidencial-a-estados-unidos-y-al-vaticano","status":"publish","type":"post","link":"https:\/\/elinformanteperu.com\/index.php\/2017\/09\/08\/congreso-autoriza-viaje-presidencial-a-estados-unidos-y-al-vaticano\/","title":{"rendered":"Congreso autoriza viaje presidencial a Estados Unidos y al Vaticano"},"content":{"rendered":"<p><strong><span style=\"color: #000000;\">El pleno del Congreso aprob\u00f3 autorizar el viaje del presidente de la Rep\u00fablica, Pedro Pablo Kuczynski, a los Estados Unidos y a la sede del Vaticano.<\/span><\/strong><\/p>\n<p><span style=\"color: #000000;\"><strong>Lima, 07 Setiembre 2017, (ANDINA).-<\/strong> El pleno del Congreso aprob\u00f3 autorizar el viaje del presidente de la Rep\u00fablica, Pedro Pablo Kuczynski, a los Estados Unidos y a la sede del Vaticano para cumplir una serie de compromisos internacionales.<\/span><\/p>\n<p><span style=\"color: #000000;\">Por 92 votos a favor, la representaci\u00f3n nacional autoriz\u00f3 al jefe del Estado ausentarse del pa\u00eds del 15 al 23 de setiembre para asistir, en primer t\u00e9rmino, a la Asamblea General de las Naciones Unidas en la ciudad de Nueva York.<\/span><\/p>\n<p><span style=\"color: #000000;\">Posteriormente, el Mandatario viajar\u00e1 a la sede del Vaticano, en Roma, Italia, para formalizar, personalmente, la invitaci\u00f3n al Papa Francisco, quien llegar\u00e1 a territorio nacional en enero del 2018.<\/span><\/p>\n","protected":false},"excerpt":{"rendered":"<p>El pleno del Congreso aprob\u00f3 autorizar el viaje del presidente de la Rep\u00fablica, Pedro Pablo Kuczynski, a los Estados Unidos y a la sede del Vaticano. Lima, 07 Setiembre 2017, (ANDINA).- El pleno del Congreso aprob\u00f3 autorizar el viaje del presidente de la Rep\u00fablica, Pedro Pablo Kuczynski, a los Estados Unidos y a la sede [&hellip;]<\/p>\n","protected":false},"author":1,"featured_media":6815,"comment_status":"open","ping_status":"open","sticky":false,"template":"","format":"standard","meta":{"rop_custom_images_group":[],"rop_custom_messages_group":[],"rop_publish_now":"initial","rop_publish_now_accounts":[],"rop_publish_now_history":[],"rop_publish_now_status":"pending","footnotes":""},"categories":[5],"tags":[192,74,1421,2013],"class_list":["post-15506","post","type-post","status-publish","format-standard","has-post-thumbnail","hentry","category-actualidad-informativa","tag-congreso","tag-pedro-pablo-kuczynski","tag-poder-ejecutivo","tag-poder-legislativo"],"_links":{"self":[{"href":"https:\/\/elinformanteperu.com\/index.php\/wp-json\/wp\/v2\/posts\/15506","targetHints":{"allow":["GET"]}}],"collection":[{"href":"https:\/\/elinformanteperu.com\/index.php\/wp-json\/wp\/v2\/posts"}],"about":[{"href":"https:\/\/elinformanteperu.com\/index.php\/wp-json\/wp\/v2\/types\/post"}],"author":[{"embeddable":true,"href":"https:\/\/elinformanteperu.com\/index.php\/wp-json\/wp\/v2\/users\/1"}],"replies":[{"embeddable":true,"href":"https:\/\/elinformanteperu.com\/index.php\/wp-json\/wp\/v2\/comments?post=15506"}],"version-history":[{"count":1,"href":"https:\/\/elinformanteperu.com\/index.php\/wp-json\/wp\/v2\/posts\/15506\/revisions"}],"predecessor-version":[{"id":15507,"href":"https:\/\/elinformanteperu.com\/index.php\/wp-json\/wp\/v2\/posts\/15506\/revisions\/15507"}],"wp:featuredmedia":[{"embeddable":true,"href":"https:\/\/elinformanteperu.com\/index.php\/wp-json\/wp\/v2\/media\/6815"}],"wp:attachment":[{"href":"https:\/\/elinformanteperu.com\/index.php\/wp-json\/wp\/v2\/media?parent=15506"}],"wp:term":[{"taxonomy":"category","embeddable":true,"href":"https:\/\/elinformanteperu.com\/index.php\/wp-json\/wp\/v2\/categories?post=15506"},{"taxonomy":"post_tag","embeddable":true,"href":"https:\/\/elinformanteperu.com\/index.php\/wp-json\/wp\/v2\/tags?post=15506"}],"curies":[{"name":"wp","href":"https:\/\/api.w.org\/{rel}","templated":true}]}}