{"id":15432,"date":"2017-09-05T20:58:12","date_gmt":"2017-09-06T01:58:12","guid":{"rendered":"http:\/\/elinformanteperu.com\/?p=15432"},"modified":"2017-09-05T20:58:12","modified_gmt":"2017-09-06T01:58:12","slug":"peru-ecuador-como-celebraron-los-jugadores-peruanos-luego-del-triunfo","status":"publish","type":"post","link":"https:\/\/elinformanteperu.com\/index.php\/2017\/09\/05\/peru-ecuador-como-celebraron-los-jugadores-peruanos-luego-del-triunfo\/","title":{"rendered":"Per\u00fa-Ecuador: c\u00f3mo celebraron los jugadores peruanos luego del triunfo"},"content":{"rendered":"<p><strong><span style=\"color: #000000;\">Los vestuarios de la selecci\u00f3n peruana tras el triunfo de 2-1 ante Ecuador fue de festejo total. Todos se mostraron felices, pero reconocieron que todav\u00eda faltan dos finales.<\/span><\/strong><\/p>\n<p><span style=\"color: #000000;\"><strong>Lima, 05 Setiembre 2017, (ANDINA).-<\/strong> Los vestuarios de la selecci\u00f3n peruana tras el triunfo de 2-1 ante Ecuador fue de festejo total. Todos se mostraron felices, pero reconocieron que todav\u00eda faltan dos finales para lograr el gran ansiado sue\u00f1o de clasificar a un Mundial de F\u00fatbol luego de 36 a\u00f1os.<\/span><\/p>\n<p><span style=\"color: #000000;\">Paolo Guerrero, Christian Cueva, Miguel Trauco mostraron su felicidad por la victoria una vez concluido el cotejo en el estadio Ol\u00edmpico Atahualpa.<\/span><\/p>\n<p><img fetchpriority=\"high\" decoding=\"async\" class=\"aligncenter size-full wp-image-15434\" src=\"http:\/\/elinformanteperu.com\/wp-content\/uploads\/2017\/09\/peru-quito-celebraciones1.jpg\" alt=\"\" width=\"1800\" height=\"1213\" srcset=\"https:\/\/elinformanteperu.com\/wp-content\/uploads\/2017\/09\/peru-quito-celebraciones1.jpg 1800w, https:\/\/elinformanteperu.com\/wp-content\/uploads\/2017\/09\/peru-quito-celebraciones1-300x202.jpg 300w, https:\/\/elinformanteperu.com\/wp-content\/uploads\/2017\/09\/peru-quito-celebraciones1-768x518.jpg 768w, https:\/\/elinformanteperu.com\/wp-content\/uploads\/2017\/09\/peru-quito-celebraciones1-1024x690.jpg 1024w, https:\/\/elinformanteperu.com\/wp-content\/uploads\/2017\/09\/peru-quito-celebraciones1-128x86.jpg 128w, https:\/\/elinformanteperu.com\/wp-content\/uploads\/2017\/09\/peru-quito-celebraciones1-32x22.jpg 32w\" sizes=\"(max-width: 1800px) 100vw, 1800px\" \/><\/p>\n<p><span style=\"color: #000000;\">La celebraci\u00f3n no fue desmedida porque los jugadores son conscientes de que el triunfo ante los ecuatorianos le dio el empuje que necesitaban para meterse de lleno en la lucha de los tres cupos y medios que tiene Sudam\u00e9rica para el Mundial de Rusia 2018.<\/span><\/p>\n<p><span style=\"color: #000000;\">En las dos \u00faltimos partidos finales, Per\u00fa deber\u00e1 visitar a Argentina y recibir a Colombia. Los dos partidos se jugar\u00e1n en octubre.<\/span><\/p>\n<p><span style=\"color: #000000;\">Per\u00fa tiene 24 unidades super\u00f3 a Chile (23) y Argentina (23), que en estos momentos juega ante Venezuela.<\/span><\/p>\n<p><img decoding=\"async\" class=\"aligncenter size-full wp-image-15435\" src=\"http:\/\/elinformanteperu.com\/wp-content\/uploads\/2017\/09\/peru-quito-celebraciones2.jpg\" alt=\"\" width=\"1800\" height=\"1212\" srcset=\"https:\/\/elinformanteperu.com\/wp-content\/uploads\/2017\/09\/peru-quito-celebraciones2.jpg 1800w, https:\/\/elinformanteperu.com\/wp-content\/uploads\/2017\/09\/peru-quito-celebraciones2-300x202.jpg 300w, https:\/\/elinformanteperu.com\/wp-content\/uploads\/2017\/09\/peru-quito-celebraciones2-768x517.jpg 768w, https:\/\/elinformanteperu.com\/wp-content\/uploads\/2017\/09\/peru-quito-celebraciones2-1024x689.jpg 1024w, https:\/\/elinformanteperu.com\/wp-content\/uploads\/2017\/09\/peru-quito-celebraciones2-128x86.jpg 128w, https:\/\/elinformanteperu.com\/wp-content\/uploads\/2017\/09\/peru-quito-celebraciones2-32x22.jpg 32w\" sizes=\"(max-width: 1800px) 100vw, 1800px\" \/><\/p>\n<p><iframe src=\"https:\/\/www.youtube-nocookie.com\/embed\/YT-4Q--hx9w?rel=0&amp;controls=0&amp;showinfo=0\" width=\"560\" height=\"315\" frameborder=\"0\" allowfullscreen=\"allowfullscreen\"><\/iframe><\/p>\n","protected":false},"excerpt":{"rendered":"<p>Los vestuarios de la selecci\u00f3n peruana tras el triunfo de 2-1 ante Ecuador fue de festejo total. Todos se mostraron felices, pero reconocieron que todav\u00eda faltan dos finales. Lima, 05 Setiembre 2017, (ANDINA).- Los vestuarios de la selecci\u00f3n peruana tras el triunfo de 2-1 ante Ecuador fue de festejo total. Todos se mostraron felices, pero [&hellip;]<\/p>\n","protected":false},"author":1,"featured_media":15433,"comment_status":"open","ping_status":"open","sticky":false,"template":"","format":"standard","meta":{"rop_custom_images_group":[],"rop_custom_messages_group":[],"rop_publish_now":"initial","rop_publish_now_accounts":[],"rop_publish_now_history":[],"rop_publish_now_status":"pending","footnotes":""},"categories":[8],"tags":[175,137],"class_list":["post-15432","post","type-post","status-publish","format-standard","has-post-thumbnail","hentry","category-disciplinas-deportivas","tag-eliminatorias","tag-seleccion-peruana"],"_links":{"self":[{"href":"https:\/\/elinformanteperu.com\/index.php\/wp-json\/wp\/v2\/posts\/15432","targetHints":{"allow":["GET"]}}],"collection":[{"href":"https:\/\/elinformanteperu.com\/index.php\/wp-json\/wp\/v2\/posts"}],"about":[{"href":"https:\/\/elinformanteperu.com\/index.php\/wp-json\/wp\/v2\/types\/post"}],"author":[{"embeddable":true,"href":"https:\/\/elinformanteperu.com\/index.php\/wp-json\/wp\/v2\/users\/1"}],"replies":[{"embeddable":true,"href":"https:\/\/elinformanteperu.com\/index.php\/wp-json\/wp\/v2\/comments?post=15432"}],"version-history":[{"count":1,"href":"https:\/\/elinformanteperu.com\/index.php\/wp-json\/wp\/v2\/posts\/15432\/revisions"}],"predecessor-version":[{"id":15436,"href":"https:\/\/elinformanteperu.com\/index.php\/wp-json\/wp\/v2\/posts\/15432\/revisions\/15436"}],"wp:featuredmedia":[{"embeddable":true,"href":"https:\/\/elinformanteperu.com\/index.php\/wp-json\/wp\/v2\/media\/15433"}],"wp:attachment":[{"href":"https:\/\/elinformanteperu.com\/index.php\/wp-json\/wp\/v2\/media?parent=15432"}],"wp:term":[{"taxonomy":"category","embeddable":true,"href":"https:\/\/elinformanteperu.com\/index.php\/wp-json\/wp\/v2\/categories?post=15432"},{"taxonomy":"post_tag","embeddable":true,"href":"https:\/\/elinformanteperu.com\/index.php\/wp-json\/wp\/v2\/tags?post=15432"}],"curies":[{"name":"wp","href":"https:\/\/api.w.org\/{rel}","templated":true}]}}