{"id":15428,"date":"2017-09-05T20:52:44","date_gmt":"2017-09-06T01:52:44","guid":{"rendered":"http:\/\/elinformanteperu.com\/?p=15428"},"modified":"2017-09-05T20:52:44","modified_gmt":"2017-09-06T01:52:44","slug":"paolo-guerrero-se-logro-un-triunfo-historico-pero-falta-mucho","status":"publish","type":"post","link":"https:\/\/elinformanteperu.com\/index.php\/2017\/09\/05\/paolo-guerrero-se-logro-un-triunfo-historico-pero-falta-mucho\/","title":{"rendered":"Paolo Guerrero: \u00abse logr\u00f3 un triunfo hist\u00f3rico, pero falta mucho\u00bb"},"content":{"rendered":"<p><strong><span style=\"color: #000000;\">El capit\u00e1n de la selecci\u00f3n peruana, Paolo Guerrero, se mostr\u00f3 mesurado en las celebraciones al se\u00f1alar que si bien lograron un triunfo hist\u00f3rico de 2-1 ante Ecuador en Quito.<\/span><\/strong><\/p>\n<p><span style=\"color: #000000;\"><strong>Lima, 05 Setiembre 2017, (ANDINA).-<\/strong> El capit\u00e1n de la selecci\u00f3n peruana, Paolo Guerrero, se mostr\u00f3 mesurado en las celebraciones al se\u00f1alar que si bien lograron un triunfo hist\u00f3rico de 2-1 ante Ecuador en Quito, falta mucho por disputar, ya que deber\u00e1n enfrentar a Argentina y Colombia en las dos fechas finales.<\/span><\/p>\n<p><span style=\"color: #000000;\">Paolo Guerrero, quien fue uno de los art\u00edfices de la victoria ante los ecuatorianos, no quiso ser triunfalista porque es consciente que le tienen dos finales<\/span><\/p>\n<p><span style=\"color: #000000;\">\u00abNosotros nos quedamos con que seguimos pensando en el objetivo, m\u00e1s all\u00e1 de la historia mantenemos el objetivo. Falta much\u00edsimo pero el equipo consigui\u00f3 un gran resultado hoy\u00bb, afirm\u00f3 Guerrero.<\/span><\/p>\n<p><img fetchpriority=\"high\" decoding=\"async\" class=\"aligncenter size-full wp-image-15430\" src=\"http:\/\/elinformanteperu.com\/wp-content\/uploads\/2017\/09\/peru-ecuador3.jpg\" alt=\"\" width=\"1800\" height=\"1212\" srcset=\"https:\/\/elinformanteperu.com\/wp-content\/uploads\/2017\/09\/peru-ecuador3.jpg 1800w, https:\/\/elinformanteperu.com\/wp-content\/uploads\/2017\/09\/peru-ecuador3-300x202.jpg 300w, https:\/\/elinformanteperu.com\/wp-content\/uploads\/2017\/09\/peru-ecuador3-768x517.jpg 768w, https:\/\/elinformanteperu.com\/wp-content\/uploads\/2017\/09\/peru-ecuador3-1024x689.jpg 1024w, https:\/\/elinformanteperu.com\/wp-content\/uploads\/2017\/09\/peru-ecuador3-128x86.jpg 128w, https:\/\/elinformanteperu.com\/wp-content\/uploads\/2017\/09\/peru-ecuador3-32x22.jpg 32w\" sizes=\"(max-width: 1800px) 100vw, 1800px\" \/><\/p>\n<p><span style=\"color: #000000;\">Las selecci\u00f3n peruana hizo un buen partido que le signific\u00f3 la victoria de 2-1 ante Ecuador, en el estadio Ol\u00edmpico Atahualpa, donde jam\u00e1s una selecci\u00f3n nacional alcanz\u00f3 una victoria.<\/span><\/p>\n<p><span style=\"color: #000000;\">Con este resultado Per\u00fa suma 24 unidades y deja a Ecuador con 20. En la pr\u00f3xima fecha, el 5 de octubre, los dirigidos por Ricardo Gareca enfrentar\u00e1 a Argentina en Buenos Aires.<\/span><\/p>\n<p><iframe src=\"https:\/\/www.youtube-nocookie.com\/embed\/w1vfiLTsSrs?rel=0&amp;controls=0&amp;showinfo=0\" width=\"560\" height=\"315\" frameborder=\"0\" allowfullscreen=\"allowfullscreen\"><\/iframe><\/p>\n","protected":false},"excerpt":{"rendered":"<p>El capit\u00e1n de la selecci\u00f3n peruana, Paolo Guerrero, se mostr\u00f3 mesurado en las celebraciones al se\u00f1alar que si bien lograron un triunfo hist\u00f3rico de 2-1 ante Ecuador en Quito. Lima, 05 Setiembre 2017, (ANDINA).- El capit\u00e1n de la selecci\u00f3n peruana, Paolo Guerrero, se mostr\u00f3 mesurado en las celebraciones al se\u00f1alar que si bien lograron un [&hellip;]<\/p>\n","protected":false},"author":1,"featured_media":15429,"comment_status":"open","ping_status":"open","sticky":false,"template":"","format":"standard","meta":{"rop_custom_images_group":[],"rop_custom_messages_group":[],"rop_publish_now":"initial","rop_publish_now_accounts":[],"rop_publish_now_history":[],"rop_publish_now_status":"pending","footnotes":""},"categories":[8],"tags":[175,203,137],"class_list":["post-15428","post","type-post","status-publish","format-standard","has-post-thumbnail","hentry","category-disciplinas-deportivas","tag-eliminatorias","tag-paolo-guerrero","tag-seleccion-peruana"],"_links":{"self":[{"href":"https:\/\/elinformanteperu.com\/index.php\/wp-json\/wp\/v2\/posts\/15428","targetHints":{"allow":["GET"]}}],"collection":[{"href":"https:\/\/elinformanteperu.com\/index.php\/wp-json\/wp\/v2\/posts"}],"about":[{"href":"https:\/\/elinformanteperu.com\/index.php\/wp-json\/wp\/v2\/types\/post"}],"author":[{"embeddable":true,"href":"https:\/\/elinformanteperu.com\/index.php\/wp-json\/wp\/v2\/users\/1"}],"replies":[{"embeddable":true,"href":"https:\/\/elinformanteperu.com\/index.php\/wp-json\/wp\/v2\/comments?post=15428"}],"version-history":[{"count":1,"href":"https:\/\/elinformanteperu.com\/index.php\/wp-json\/wp\/v2\/posts\/15428\/revisions"}],"predecessor-version":[{"id":15431,"href":"https:\/\/elinformanteperu.com\/index.php\/wp-json\/wp\/v2\/posts\/15428\/revisions\/15431"}],"wp:featuredmedia":[{"embeddable":true,"href":"https:\/\/elinformanteperu.com\/index.php\/wp-json\/wp\/v2\/media\/15429"}],"wp:attachment":[{"href":"https:\/\/elinformanteperu.com\/index.php\/wp-json\/wp\/v2\/media?parent=15428"}],"wp:term":[{"taxonomy":"category","embeddable":true,"href":"https:\/\/elinformanteperu.com\/index.php\/wp-json\/wp\/v2\/categories?post=15428"},{"taxonomy":"post_tag","embeddable":true,"href":"https:\/\/elinformanteperu.com\/index.php\/wp-json\/wp\/v2\/tags?post=15428"}],"curies":[{"name":"wp","href":"https:\/\/api.w.org\/{rel}","templated":true}]}}